{"id":3824,"date":"2021-01-12T11:21:07","date_gmt":"2021-01-12T14:21:07","guid":{"rendered":"https:\/\/brasilia.fiocruz.br\/maraberto\/?p=3824"},"modified":"2021-03-22T15:37:45","modified_gmt":"2021-03-22T18:37:45","slug":"trilhas-de-aprendizagem-identificando-das-experiencias-e-learning-na-formacao-em-saude","status":"publish","type":"post","link":"https:\/\/brasilia.fiocruz.br\/maraberto\/trilhas-de-aprendizagem-identificando-das-experiencias-e-learning-na-formacao-em-saude\/","title":{"rendered":"Trilhas de aprendizagem: identificando as experi\u00eancias e-learning na forma\u00e7\u00e3o em sa\u00fade"},"content":{"rendered":"\t\t<div data-elementor-type=\"wp-post\" data-elementor-id=\"3824\" class=\"elementor elementor-3824\">\n\t\t\t\t\t\t<section class=\"elementor-section elementor-top-section elementor-element elementor-element-ebe8da1 elementor-section-boxed elementor-section-height-default elementor-section-height-default\" data-id=\"ebe8da1\" data-element_type=\"section\" data-e-type=\"section\">\n\t\t\t\t\t\t<div class=\"elementor-container elementor-column-gap-default\">\n\t\t\t\t\t<div class=\"elementor-column elementor-col-100 elementor-top-column elementor-element elementor-element-e5d0fc3\" data-id=\"e5d0fc3\" data-element_type=\"column\" data-e-type=\"column\">\n\t\t\t<div class=\"elementor-widget-wrap elementor-element-populated\">\n\t\t\t\t\t\t<div class=\"elementor-element elementor-element-a1f4055 elementor-widget elementor-widget-text-editor\" data-id=\"a1f4055\" data-element_type=\"widget\" data-e-type=\"widget\" data-widget_type=\"text-editor.default\">\n\t\t\t\t<div class=\"elementor-widget-container\">\n\t\t\t\t\t\t\t\t\t<p>As trilhas de aprendizagem dizem respeito ao percurso e as experi\u00eancias individuais dos participantes nos cursos e-learning. Entretanto, compreender os interesses individuais na \u00e1rea de educa\u00e7\u00e3o permanente dos profissionais da sa\u00fade levanta alguns desafios relacionados \u00e0 forma de associar as experi\u00eancias dos participantes \u00e0s novas modelagens dos curr\u00edculos e seu impacto nos processos de certifica\u00e7\u00e3o, tanto da aprendizagem quanto das compet\u00eancias. Assim, um bom desenho t\u00e9cnico-pedag\u00f3gico das Tecnologias de Informa\u00e7\u00e3o e Comunica\u00e7\u00e3o (TIC) &#8211; sobre as quais estas ofertas e-learning se apoiam &#8211; inclui a ado\u00e7\u00e3o de metodologias que considerem os perfis diferenciados dos participantes, seus interesses e motiva\u00e7\u00f5es, situados em um contexto que exige forma\u00e7\u00e3o ao longo da vida. No que se refere \u00e0 educa\u00e7\u00e3o permanente em sa\u00fade, em especial na forma\u00e7\u00e3o de profissionais de sa\u00fade, \u00e9 necess\u00e1rio criar um mapa que permita observar as metodologias, estrat\u00e9gias e aplica\u00e7\u00f5es das trilhas de aprendizagem.<\/p><p>De forma a atender aos objetivos da Meta 1, este trabalho prop\u00f5e criar condi\u00e7\u00f5es para que as institui\u00e7\u00f5es respons\u00e1veis pela educa\u00e7\u00e3o permanente dos profissionais de sa\u00fade possam planejar a forma\u00e7\u00e3o em uma perspectiva sist\u00eamica, pol\u00edtico-pedag\u00f3gica e te\u00f3rico-pr\u00e1tica, com foco no trabalho em sa\u00fade e no exerc\u00edcio da cidadania, apoiada nas melhores pr\u00e1ticas e experi\u00eancias. Ainda, busca-se apresentar protocolos para o e-learning baseado em conte\u00fados, metodologias e estrat\u00e9gias de relev\u00e2ncia social para o contexto da sa\u00fade, resultando em uma aprendizagem significativa de saberes t\u00e9cnicos, cient\u00edficos e \u00e9ticos.<\/p><p>Neste primeiro de tr\u00eas posts sobre a tem\u00e1tica, ser\u00e3o apresentados os procedimentos metodol\u00f3gicos sobre os quais a pesquisa de apoiou para a busca, coleta e an\u00e1lise dos dados. Para tanto, este trabalho foi desenvolvido a partir das seguintes perguntas:<\/p>\t\t\t\t\t\t\t\t<\/div>\n\t\t\t\t<\/div>\n\t\t\t\t\t<\/div>\n\t\t<\/div>\n\t\t\t\t\t<\/div>\n\t\t<\/section>\n\t\t\t\t<section class=\"elementor-section elementor-top-section elementor-element elementor-element-d58cadb elementor-section-boxed elementor-section-height-default elementor-section-height-default\" data-id=\"d58cadb\" data-element_type=\"section\" data-e-type=\"section\">\n\t\t\t\t\t\t<div class=\"elementor-container elementor-column-gap-default\">\n\t\t\t\t\t<div class=\"elementor-column elementor-col-100 elementor-top-column elementor-element elementor-element-b6c1f18\" data-id=\"b6c1f18\" data-element_type=\"column\" data-e-type=\"column\">\n\t\t\t<div class=\"elementor-widget-wrap elementor-element-populated\">\n\t\t\t\t\t\t<div class=\"elementor-element elementor-element-e6d5590 elementor-widget elementor-widget-image\" data-id=\"e6d5590\" data-element_type=\"widget\" data-e-type=\"widget\" data-widget_type=\"image.default\">\n\t\t\t\t<div class=\"elementor-widget-container\">\n\t\t\t\t\t\t\t\t\t\t\t\t<figure class=\"wp-caption\">\n\t\t\t\t\t\t\t\t\t\t<img fetchpriority=\"high\" decoding=\"async\" width=\"1024\" height=\"775\" src=\"https:\/\/brasilia.fiocruz.br\/maraberto\/wp-content\/uploads\/sites\/3\/2021\/01\/Texto-31.1-1024x775.png\" class=\"attachment-large size-large wp-image-3825\" alt=\"\" srcset=\"https:\/\/brasilia.fiocruz.br\/maraberto\/wp-content\/uploads\/sites\/3\/2021\/01\/Texto-31.1-1024x775.png 1024w, https:\/\/brasilia.fiocruz.br\/maraberto\/wp-content\/uploads\/sites\/3\/2021\/01\/Texto-31.1-300x227.png 300w, https:\/\/brasilia.fiocruz.br\/maraberto\/wp-content\/uploads\/sites\/3\/2021\/01\/Texto-31.1-768x581.png 768w, https:\/\/brasilia.fiocruz.br\/maraberto\/wp-content\/uploads\/sites\/3\/2021\/01\/Texto-31.1-1536x1162.png 1536w, https:\/\/brasilia.fiocruz.br\/maraberto\/wp-content\/uploads\/sites\/3\/2021\/01\/Texto-31.1-2048x1549.png 2048w\" sizes=\"(max-width: 1024px) 100vw, 1024px\" \/>\t\t\t\t\t\t\t\t\t\t\t<figcaption class=\"widget-image-caption wp-caption-text\"><\/figcaption>\n\t\t\t\t\t\t\t\t\t\t<\/figure>\n\t\t\t\t\t\t\t\t\t<\/div>\n\t\t\t\t<\/div>\n\t\t\t\t\t<\/div>\n\t\t<\/div>\n\t\t\t\t\t<\/div>\n\t\t<\/section>\n\t\t\t\t<section class=\"elementor-section elementor-top-section elementor-element elementor-element-41c5fe7 elementor-section-boxed elementor-section-height-default elementor-section-height-default\" data-id=\"41c5fe7\" data-element_type=\"section\" data-e-type=\"section\">\n\t\t\t\t\t\t<div class=\"elementor-container elementor-column-gap-default\">\n\t\t\t\t\t<div class=\"elementor-column elementor-col-100 elementor-top-column elementor-element elementor-element-0ec8686\" data-id=\"0ec8686\" data-element_type=\"column\" data-e-type=\"column\">\n\t\t\t<div class=\"elementor-widget-wrap elementor-element-populated\">\n\t\t\t\t\t\t<div class=\"elementor-element elementor-element-4b2c53d elementor-widget elementor-widget-text-editor\" data-id=\"4b2c53d\" data-element_type=\"widget\" data-e-type=\"widget\" data-widget_type=\"text-editor.default\">\n\t\t\t\t<div class=\"elementor-widget-container\">\n\t\t\t\t\t\t\t\t\t<p>O estudo tem como objetivo geral identificar e analisar experi\u00eancias de e-learning para a forma\u00e7\u00e3o continuada dos profissionais de sa\u00fade articuladas ao uso das trilhas de aprendizagem, modelos curriculares e processos de certifica\u00e7\u00e3o. Dividido em dois estudos, o primeiro vai analisar o panorama das produ\u00e7\u00f5es cient\u00edficas, suas metodologias e estrat\u00e9gias educativas de uso do e-learning empregados na educa\u00e7\u00e3o permanente. O segundo prop\u00f5e-se identificar as concep\u00e7\u00f5es e aplica\u00e7\u00f5es da t\u00e9cnica de trilhas de aprendizagem associadas ao e-learning.<\/p>\t\t\t\t\t\t\t\t<\/div>\n\t\t\t\t<\/div>\n\t\t\t\t\t<\/div>\n\t\t<\/div>\n\t\t\t\t\t<\/div>\n\t\t<\/section>\n\t\t\t\t<section class=\"elementor-section elementor-top-section elementor-element elementor-element-0b06d6e elementor-section-boxed elementor-section-height-default elementor-section-height-default\" data-id=\"0b06d6e\" data-element_type=\"section\" data-e-type=\"section\">\n\t\t\t\t\t\t<div class=\"elementor-container elementor-column-gap-default\">\n\t\t\t\t\t<div class=\"elementor-column elementor-col-100 elementor-top-column elementor-element elementor-element-d2ce9ad\" data-id=\"d2ce9ad\" data-element_type=\"column\" data-e-type=\"column\">\n\t\t\t<div class=\"elementor-widget-wrap elementor-element-populated\">\n\t\t\t\t\t\t<div class=\"elementor-element elementor-element-3ff981c elementor-widget elementor-widget-text-editor\" data-id=\"3ff981c\" data-element_type=\"widget\" data-e-type=\"widget\" data-widget_type=\"text-editor.default\">\n\t\t\t\t<div class=\"elementor-widget-container\">\n\t\t\t\t\t\t\t\t\t<p><strong>Metodologia<\/strong><\/p>\t\t\t\t\t\t\t\t<\/div>\n\t\t\t\t<\/div>\n\t\t\t\t\t<\/div>\n\t\t<\/div>\n\t\t\t\t\t<\/div>\n\t\t<\/section>\n\t\t\t\t<section class=\"elementor-section elementor-top-section elementor-element elementor-element-9601e1b elementor-section-boxed elementor-section-height-default elementor-section-height-default\" data-id=\"9601e1b\" data-element_type=\"section\" data-e-type=\"section\">\n\t\t\t\t\t\t<div class=\"elementor-container elementor-column-gap-default\">\n\t\t\t\t\t<div class=\"elementor-column elementor-col-100 elementor-top-column elementor-element elementor-element-1e2f57c\" data-id=\"1e2f57c\" data-element_type=\"column\" data-e-type=\"column\">\n\t\t\t<div class=\"elementor-widget-wrap elementor-element-populated\">\n\t\t\t\t\t\t<div class=\"elementor-element elementor-element-dbfa177 elementor-widget elementor-widget-text-editor\" data-id=\"dbfa177\" data-element_type=\"widget\" data-e-type=\"widget\" data-widget_type=\"text-editor.default\">\n\t\t\t\t<div class=\"elementor-widget-container\">\n\t\t\t\t\t\t\t\t\t<p>O trabalho baseia-se numa revis\u00e3o integrativa. Assim, a revis\u00e3o divide-se em seis passos, com a finalidade de selecionar as bases de dados, os termos de buscas, a organiza\u00e7\u00e3o dos documentos e a prepara\u00e7\u00e3o do corpus de an\u00e1lise da pesquisa.<\/p>\t\t\t\t\t\t\t\t<\/div>\n\t\t\t\t<\/div>\n\t\t\t\t\t<\/div>\n\t\t<\/div>\n\t\t\t\t\t<\/div>\n\t\t<\/section>\n\t\t\t\t<section class=\"elementor-section elementor-top-section elementor-element elementor-element-db936f8 elementor-section-boxed elementor-section-height-default elementor-section-height-default\" data-id=\"db936f8\" data-element_type=\"section\" data-e-type=\"section\">\n\t\t\t\t\t\t<div class=\"elementor-container elementor-column-gap-default\">\n\t\t\t\t\t<div class=\"elementor-column elementor-col-100 elementor-top-column elementor-element elementor-element-630685c\" data-id=\"630685c\" data-element_type=\"column\" data-e-type=\"column\">\n\t\t\t<div class=\"elementor-widget-wrap elementor-element-populated\">\n\t\t\t\t\t\t<div class=\"elementor-element elementor-element-f3ea72c elementor-widget elementor-widget-image\" data-id=\"f3ea72c\" data-element_type=\"widget\" data-e-type=\"widget\" data-widget_type=\"image.default\">\n\t\t\t\t<div class=\"elementor-widget-container\">\n\t\t\t\t\t\t\t\t\t\t\t\t\t\t\t<img decoding=\"async\" width=\"1024\" height=\"1024\" data-src=\"https:\/\/brasilia.fiocruz.br\/maraberto\/wp-content\/uploads\/sites\/3\/2021\/01\/Texto-31.2-1024x1024.png\" class=\"attachment-large size-large wp-image-3828 lazyload\" alt=\"\" data-srcset=\"https:\/\/brasilia.fiocruz.br\/maraberto\/wp-content\/uploads\/sites\/3\/2021\/01\/Texto-31.2-1024x1024.png 1024w, https:\/\/brasilia.fiocruz.br\/maraberto\/wp-content\/uploads\/sites\/3\/2021\/01\/Texto-31.2-300x300.png 300w, https:\/\/brasilia.fiocruz.br\/maraberto\/wp-content\/uploads\/sites\/3\/2021\/01\/Texto-31.2-150x150.png 150w, https:\/\/brasilia.fiocruz.br\/maraberto\/wp-content\/uploads\/sites\/3\/2021\/01\/Texto-31.2-768x768.png 768w, https:\/\/brasilia.fiocruz.br\/maraberto\/wp-content\/uploads\/sites\/3\/2021\/01\/Texto-31.2-1536x1536.png 1536w, https:\/\/brasilia.fiocruz.br\/maraberto\/wp-content\/uploads\/sites\/3\/2021\/01\/Texto-31.2-2048x2048.png 2048w, https:\/\/brasilia.fiocruz.br\/maraberto\/wp-content\/uploads\/sites\/3\/2021\/01\/Texto-31.2-600x600.png 600w\" data-sizes=\"(max-width: 1024px) 100vw, 1024px\" src=\"data:image\/svg+xml;base64,PHN2ZyB3aWR0aD0iMSIgaGVpZ2h0PSIxIiB4bWxucz0iaHR0cDovL3d3dy53My5vcmcvMjAwMC9zdmciPjwvc3ZnPg==\" style=\"--smush-placeholder-width: 1024px; --smush-placeholder-aspect-ratio: 1024\/1024;\" \/>\t\t\t\t\t\t\t\t\t\t\t\t\t\t\t<\/div>\n\t\t\t\t<\/div>\n\t\t\t\t\t<\/div>\n\t\t<\/div>\n\t\t\t\t\t<\/div>\n\t\t<\/section>\n\t\t\t\t<section class=\"elementor-section elementor-top-section elementor-element elementor-element-36d0d3a elementor-section-boxed elementor-section-height-default elementor-section-height-default\" data-id=\"36d0d3a\" data-element_type=\"section\" data-e-type=\"section\">\n\t\t\t\t\t\t<div class=\"elementor-container elementor-column-gap-default\">\n\t\t\t\t\t<div class=\"elementor-column elementor-col-100 elementor-top-column elementor-element elementor-element-3725aa8\" data-id=\"3725aa8\" data-element_type=\"column\" data-e-type=\"column\">\n\t\t\t<div class=\"elementor-widget-wrap elementor-element-populated\">\n\t\t\t\t\t\t<div class=\"elementor-element elementor-element-296c916 elementor-widget elementor-widget-text-editor\" data-id=\"296c916\" data-element_type=\"widget\" data-e-type=\"widget\" data-widget_type=\"text-editor.default\">\n\t\t\t\t<div class=\"elementor-widget-container\">\n\t\t\t\t\t\t\t\t\t<p>A primeira etapa, dedicada \u00e0 sele\u00e7\u00e3o das bases, foi realizada no Portal de Peri\u00f3dicos da CAPES. Para ser inclu\u00edda no estudo, as bases deveriam (1) apresentar os documentos na \u00e1rea de ensino relacionados \u00e0 \u00e1rea de sa\u00fade; (2) possuir sistema de busca que permitisse o uso de express\u00f5es l\u00f3gicas ou mecanismos equivalentes por meio de op\u00e7\u00f5es de buscas avan\u00e7adas; (3) permitir a realiza\u00e7\u00e3o da busca no texto do t\u00edtulo, resumo e assunto, ademais de apresentar filtros como tema, tipo de documento, periodicidade, etc; (4) permitir que os mecanismos de buscas apresentassem os mesmos resultados no conjunto de express\u00f5es e descritores booleanos utilizados, dentro do marcador temporal; (5) selecionar os documentos em tr\u00eas idiomas: portugu\u00eas, ingl\u00eas e espanhol. Como resultado, chegou-se a duas bases: a SCOPUS, por fazer a indexa\u00e7\u00e3o de outras bases interdisciplinares como Scielo e British Computer Society e a BVS, por tratar de um portal regional indexador de outras bases importantes no campo da sa\u00fade como a Medline e a Lilacs.<\/p><p>Na sequ\u00eancia, para a sele\u00e7\u00e3o dos termos de levantamento dos documentos foram realizados testes r\u00e1pidos com algumas express\u00f5es a fim de identificar os principais termos ou palavras-chaves mais empregados na literatura, no idioma em ingl\u00eas. A partir dessa primeira busca, foram selecionados dois textos de refer\u00eancia que ajudaram a delimitar tanto os termos que representam a popula\u00e7\u00e3o (health professional\u201d OR \u201chealth care\u201d OR \u201chealth care education) a ser pesquisada, quanto os termos que representam a interven\u00e7\u00e3o (e-learning&#8221; OR &#8220;distance education&#8221; OR \u201conline education\u201d OR \u201conline course\u201d AND \u201clearning path\u201d OR &#8220;learning itinerary&#8221; OR &#8220;learning route&#8221; OR &#8220;learning workflow&#8221; OR &#8220;learning paths&#8221; OR &#8220;learning itineraries\u201d), ou seja, que delimitam o foco da pesquisa dentro da popula\u00e7\u00e3o. A busca dos documentos foi delimitada para contemplar os anos 2015 a 2020. Em complemento ao crit\u00e9rio temporal, optou-se por filtrar os documentos nas bases voltados \u00e0s \u00eanfases no ensino e afins, bem como por filtrar os termos de buscas nos campos t\u00edtulo, resumos e assunto.<\/p><p>As primeiras buscas com o uso dos termos indicados, mesmo alternando-os, n\u00e3o apresentaram resultados esperados. Sendo assim, optou-se por dividir os termos em f\u00f3rmulas que pudessem tamb\u00e9m cumprir o objetivo geral pesquisa. A partir dessa decis\u00e3o, os termos foram sendo ajustados e balanceados at\u00e9 que produzissem novos agrupamentos com dados mais interessantes. As f\u00f3rmulas foram as seguintes:<\/p>\t\t\t\t\t\t\t\t<\/div>\n\t\t\t\t<\/div>\n\t\t\t\t\t<\/div>\n\t\t<\/div>\n\t\t\t\t\t<\/div>\n\t\t<\/section>\n\t\t\t\t<section class=\"elementor-section elementor-top-section elementor-element elementor-element-188c2da elementor-section-boxed elementor-section-height-default elementor-section-height-default\" data-id=\"188c2da\" data-element_type=\"section\" data-e-type=\"section\">\n\t\t\t\t\t\t<div class=\"elementor-container elementor-column-gap-default\">\n\t\t\t\t\t<div class=\"elementor-column elementor-col-100 elementor-top-column elementor-element elementor-element-9117107\" data-id=\"9117107\" data-element_type=\"column\" data-e-type=\"column\">\n\t\t\t<div class=\"elementor-widget-wrap elementor-element-populated\">\n\t\t\t\t\t\t<div class=\"elementor-element elementor-element-63fd7e4 elementor-widget elementor-widget-text-editor\" data-id=\"63fd7e4\" data-element_type=\"widget\" data-e-type=\"widget\" data-widget_type=\"text-editor.default\">\n\t\t\t\t<div class=\"elementor-widget-container\">\n\t\t\t\t\t\t\t\t\t<ul><li>F\u00f3rmula 1 = (TITLE-ABS-KEY(\u201ce-learning\u201d OR \u201cdistance<br \/>education\u201d OR \u201conline courses\u201d) AND TITLE-ABS-KEY(\u201cprofessional health\u201d))<\/li><li>F\u00f3rmula 2 = (TITLE-ABS-KEY(\u201ce-learning\u201d OR<br \/>&#8220;distance education&#8221; OR &#8220;online course&#8221;) OR<br \/>TITLE-ABS-KEY(&#8220;innovative approach&#8221;) AND TITLE-ABS-KEY(&#8220;learning<br \/>paths&#8221; OR &#8220;learning itinerary&#8221; OR \u201clearning trails&#8221; OR<br \/>\u201clearning route&#8221;))<\/li><li>F\u00f3rmula 3 = (TITLE-ABS-KEY(\u201ce-learning\u201d OR \u201cdistance<br \/>education\u201d OR \u201conline courses\u201d) AND TITLE-ABS-KEY(\u201ceducational process&#8221;)<br \/>AND TITLE-ABS-KEY(\u201chealth care&#8221;))<\/li><\/ul>\t\t\t\t\t\t\t\t<\/div>\n\t\t\t\t<\/div>\n\t\t\t\t\t<\/div>\n\t\t<\/div>\n\t\t\t\t\t<\/div>\n\t\t<\/section>\n\t\t\t\t<section class=\"elementor-section elementor-top-section elementor-element elementor-element-f42ac0f elementor-section-boxed elementor-section-height-default elementor-section-height-default\" data-id=\"f42ac0f\" data-element_type=\"section\" data-e-type=\"section\">\n\t\t\t\t\t\t<div class=\"elementor-container elementor-column-gap-default\">\n\t\t\t\t\t<div class=\"elementor-column elementor-col-100 elementor-top-column elementor-element elementor-element-91abc5e\" data-id=\"91abc5e\" data-element_type=\"column\" data-e-type=\"column\">\n\t\t\t<div class=\"elementor-widget-wrap elementor-element-populated\">\n\t\t\t\t\t\t<div class=\"elementor-element elementor-element-88ec2ae elementor-widget elementor-widget-text-editor\" data-id=\"88ec2ae\" data-element_type=\"widget\" data-e-type=\"widget\" data-widget_type=\"text-editor.default\">\n\t\t\t\t<div class=\"elementor-widget-container\">\n\t\t\t\t\t\t\t\t\t<p>Com a aplica\u00e7\u00e3o das f\u00f3rmulas chegou-se a um total de 287 documentos. Posteriormente, os resultados da f\u00f3rmula 1 e 3 foram agrupados para responder ao objetivo do Estudo 1, e os resultados da f\u00f3rmula 2 para responder ao objetivo do Estudo 2. Assim, na quinta etapa do trabalho, foram realizadas duas triagens para selecionar os documentos, come\u00e7ando pela leitura explorat\u00f3ria dos 287 documentos, com a aplica\u00e7\u00e3o dos crit\u00e9rios de inclus\u00e3o e exclus\u00e3o. Os crit\u00e9rios foram elaborados de acordo com os objetivos de cada estudo. Deste modo, o estudo 1 teve como crit\u00e9rios de inclus\u00e3o, documentos que apresentavam reflex\u00e3o ou planejamento ou descri\u00e7\u00e3o das experi\u00eancias de e-learning na forma\u00e7\u00e3o dos profissionais da sa\u00fade; e de exclus\u00e3o, os documentos que colocavam \u00eanfase no b-learning e mobile learning ou na compara\u00e7\u00e3o e-learning com face to face e, ainda, aqueles que n\u00e3o explicavam a forma\u00e7\u00e3o dos profissionais da sa\u00fade no e-learning em termos pedag\u00f3gicos (intencionalidade, metodologia, recursos). No que diz respeito ao estudo 2, foram considerados crit\u00e9rios de inclus\u00e3o, documentos que apresentavam os modelos pedag\u00f3gicos do e-learning baseados em trilhas de aprendizagem; e de exclus\u00e3o, os documentos que n\u00e3o apresentavam a descri\u00e7\u00e3o da proposta pedag\u00f3gica no e-learning baseada em trilhas de aprendizagem, bem como aqueles que n\u00e3o apresentavam informa\u00e7\u00f5es sobre os desdobramentos das trilhas de aprendizagem no curr\u00edculo e\/ou certifica\u00e7\u00e3o. Neste momento, excluiu-se tamb\u00e9m, em ambos casos, os documentos que n\u00e3o tinha acesso aberto, que n\u00e3o estavam dispon\u00edveis em portugu\u00eas, ingl\u00eas ou espanhol e, ainda, aqueles caracterizados por relat\u00f3rios t\u00e9cnicos que fugiam ao escopo da pesquisa. Portanto, na triagem 1 foram exclu\u00eddos 190 documentos e inclu\u00eddos 97 documentos. Na segunda triagem foram aplicados os mesmos crit\u00e9rios de inclus\u00e3o e exclus\u00e3o a partir da leitura integral dos documentos. Do total de 97 documentos, foram ent\u00e3o selecionados 51 para a etapa de an\u00e1lise. Deste modo foram traduzidos e fichados, priorizando os seguintes dados:<\/p>\t\t\t\t\t\t\t\t<\/div>\n\t\t\t\t<\/div>\n\t\t\t\t\t<\/div>\n\t\t<\/div>\n\t\t\t\t\t<\/div>\n\t\t<\/section>\n\t\t\t\t<section class=\"elementor-section elementor-top-section elementor-element elementor-element-123dace elementor-section-boxed elementor-section-height-default elementor-section-height-default\" data-id=\"123dace\" data-element_type=\"section\" data-e-type=\"section\">\n\t\t\t\t\t\t<div class=\"elementor-container elementor-column-gap-default\">\n\t\t\t\t\t<div class=\"elementor-column elementor-col-100 elementor-top-column elementor-element elementor-element-7c2853f\" data-id=\"7c2853f\" data-element_type=\"column\" data-e-type=\"column\">\n\t\t\t<div class=\"elementor-widget-wrap elementor-element-populated\">\n\t\t\t\t\t\t<div class=\"elementor-element elementor-element-7498a0c elementor-widget elementor-widget-text-editor\" data-id=\"7498a0c\" data-element_type=\"widget\" data-e-type=\"widget\" data-widget_type=\"text-editor.default\">\n\t\t\t\t<div class=\"elementor-widget-container\">\n\t\t\t\t\t\t\t\t\t<ul><li>Conceitos ou teorias relevantes.<\/li><li>Problemas relevantes e objetivos dos artigos \u2013 na \u00e1rea de forma\u00e7\u00e3o dos profissionais da sa\u00fade no e-learning.<\/li><li>Metodologias da forma\u00e7\u00e3o, de organiza\u00e7\u00e3o curricular e de certifica\u00e7\u00e3o.<\/li><li>Principais achados\/resultados e conclus\u00f5es.<\/li><li>Mapeamento das institui\u00e7\u00f5es reconhecidas internacionalmente que atuam na forma\u00e7\u00e3o online de profissionais de sa\u00fade.<\/li><\/ul>\t\t\t\t\t\t\t\t<\/div>\n\t\t\t\t<\/div>\n\t\t\t\t\t<\/div>\n\t\t<\/div>\n\t\t\t\t\t<\/div>\n\t\t<\/section>\n\t\t\t\t<section class=\"elementor-section elementor-top-section elementor-element elementor-element-ac2d1eb elementor-section-boxed elementor-section-height-default elementor-section-height-default\" data-id=\"ac2d1eb\" data-element_type=\"section\" data-e-type=\"section\">\n\t\t\t\t\t\t<div class=\"elementor-container elementor-column-gap-default\">\n\t\t\t\t\t<div class=\"elementor-column elementor-col-100 elementor-top-column elementor-element elementor-element-91cd330\" data-id=\"91cd330\" data-element_type=\"column\" data-e-type=\"column\">\n\t\t\t<div class=\"elementor-widget-wrap elementor-element-populated\">\n\t\t\t\t\t\t<div class=\"elementor-element elementor-element-16da8cd elementor-widget elementor-widget-text-editor\" data-id=\"16da8cd\" data-element_type=\"widget\" data-e-type=\"widget\" data-widget_type=\"text-editor.default\">\n\t\t\t\t<div class=\"elementor-widget-container\">\n\t\t\t\t\t\t\t\t\t<p>A partir da leitura e fichamento dos documentos inclu\u00eddos, foram encontradas quatro categorias de trabalhos. Os estudos emp\u00edricos foram os mais recorrentes, seguido dos trabalhos de reflex\u00e3o te\u00f3rica, relat\u00f3rios t\u00e9cnicos e revis\u00e3o de literatura. No <a href=\"https:\/\/brasilia.fiocruz.br\/maraberto\/panorama-dos-estudos-nacionais-e-internacionais-sobre-o-e-learning-e-suas-metodologias-e-estrategias-voltadas-a-educacao-dos-profissionais-da-saude\/\">pr\u00f3ximo texto<\/a> ser\u00e3o apresentados os resultados qualitativos e a an\u00e1lise dos dados relacionados ao primeiro estudo sobre o Panorama dos estudos nacionais e internacionais sobre o e-learning e suas metodologias e estrat\u00e9gias voltadas \u00e0 educa\u00e7\u00e3o dos profissionais da sa\u00fade.<\/p>\t\t\t\t\t\t\t\t<\/div>\n\t\t\t\t<\/div>\n\t\t\t\t\t<\/div>\n\t\t<\/div>\n\t\t\t\t\t<\/div>\n\t\t<\/section>\n\t\t\t\t<section class=\"elementor-section elementor-top-section elementor-element elementor-element-4c537ee elementor-section-boxed elementor-section-height-default elementor-section-height-default\" data-id=\"4c537ee\" data-element_type=\"section\" data-e-type=\"section\">\n\t\t\t\t\t\t<div class=\"elementor-container elementor-column-gap-default\">\n\t\t\t\t\t<div class=\"elementor-column elementor-col-100 elementor-top-column elementor-element elementor-element-123f83b\" data-id=\"123f83b\" data-element_type=\"column\" data-e-type=\"column\">\n\t\t\t<div class=\"elementor-widget-wrap elementor-element-populated\">\n\t\t\t\t\t\t<div class=\"elementor-element elementor-element-b2ec73d elementor-widget elementor-widget-text-editor\" data-id=\"b2ec73d\" data-element_type=\"widget\" data-e-type=\"widget\" data-widget_type=\"text-editor.default\">\n\t\t\t\t<div class=\"elementor-widget-container\">\n\t\t\t\t\t\t\t\t\t<p>\u201cEste \u00e9 um texto de divulga\u00e7\u00e3o cient\u00edfica que adota uma est\u00e9tica jornal\u00edstica. Foi editado e produzido por Juliana Vargas com o objetivo de divulgar uma pesquisa acad\u00eamica realizada por Wilsa Maria Ramos com coordena\u00e7\u00e3o de Francini Lube Guizardi, no \u00e2mbito do Projeto Avalia\u00e7\u00e3o e prospec\u00e7\u00e3o de tecnologias web para a Educa\u00e7\u00e3o Permanente em Sa\u00fade&#8221;<\/p>\t\t\t\t\t\t\t\t<\/div>\n\t\t\t\t<\/div>\n\t\t\t\t\t<\/div>\n\t\t<\/div>\n\t\t\t\t\t<\/div>\n\t\t<\/section>\n\t\t\t\t<\/div>\n\t\t","protected":false},"excerpt":{"rendered":"<p>As trilhas de aprendizagem dizem respeito ao percurso e as experi\u00eancias individuais dos participantes nos cursos e-learning. Entretanto, compreender os interesses individuais na \u00e1rea de educa\u00e7\u00e3o permanente dos profissionais da sa\u00fade levanta alguns desafios relacionados \u00e0 forma de associar as experi\u00eancias dos participantes \u00e0s novas modelagens dos curr\u00edculos e seu impacto nos processos de certifica\u00e7\u00e3o, [&hellip;]<\/p>\n","protected":false},"author":7,"featured_media":3825,"comment_status":"open","ping_status":"open","sticky":false,"template":"","format":"standard","meta":{"footnotes":""},"categories":[10,11],"tags":[28],"class_list":["post-3824","post","type-post","status-publish","format-standard","has-post-thumbnail","hentry","category-astrolabio","category-meta-1","tag-modelagens-e-certificacao-de-trilhas-ead"],"yoast_head":"<!-- This site is optimized with the Yoast SEO plugin v27.1.1 - https:\/\/yoast.com\/product\/yoast-seo-wordpress\/ -->\n<title>Trilhas de aprendizagem: identificando as experi\u00eancias e-learning na forma\u00e7\u00e3o em sa\u00fade - Mar Aberto<\/title>\n<meta name=\"robots\" content=\"index, follow, max-snippet:-1, max-image-preview:large, max-video-preview:-1\" \/>\n<link rel=\"canonical\" href=\"https:\/\/brasilia.fiocruz.br\/maraberto\/trilhas-de-aprendizagem-identificando-das-experiencias-e-learning-na-formacao-em-saude\/\" \/>\n<meta property=\"og:locale\" content=\"pt_BR\" \/>\n<meta property=\"og:type\" content=\"article\" \/>\n<meta property=\"og:title\" content=\"Trilhas de aprendizagem: identificando as experi\u00eancias e-learning na forma\u00e7\u00e3o em sa\u00fade - Mar Aberto\" \/>\n<meta property=\"og:description\" content=\"As trilhas de aprendizagem dizem respeito ao percurso e as experi\u00eancias individuais dos participantes nos cursos e-learning. Entretanto, compreender os interesses individuais na \u00e1rea de educa\u00e7\u00e3o permanente dos profissionais da sa\u00fade levanta alguns desafios relacionados \u00e0 forma de associar as experi\u00eancias dos participantes \u00e0s novas modelagens dos curr\u00edculos e seu impacto nos processos de certifica\u00e7\u00e3o, [&hellip;]\" \/>\n<meta property=\"og:url\" content=\"https:\/\/brasilia.fiocruz.br\/maraberto\/trilhas-de-aprendizagem-identificando-das-experiencias-e-learning-na-formacao-em-saude\/\" \/>\n<meta property=\"og:site_name\" content=\"Mar Aberto\" \/>\n<meta property=\"article:published_time\" content=\"2021-01-12T14:21:07+00:00\" \/>\n<meta property=\"article:modified_time\" content=\"2021-03-22T18:37:45+00:00\" \/>\n<meta property=\"og:image\" content=\"https:\/\/brasilia.fiocruz.br\/maraberto\/wp-content\/uploads\/sites\/3\/2021\/01\/Texto-31.1-1024x775.png\" \/>\n\t<meta property=\"og:image:width\" content=\"1024\" \/>\n\t<meta property=\"og:image:height\" content=\"775\" \/>\n\t<meta property=\"og:image:type\" content=\"image\/png\" \/>\n<meta name=\"author\" content=\"joseema\" \/>\n<meta name=\"twitter:card\" content=\"summary_large_image\" \/>\n<meta name=\"twitter:label1\" content=\"Escrito por\" \/>\n\t<meta name=\"twitter:data1\" content=\"joseema\" \/>\n\t<meta name=\"twitter:label2\" content=\"Est. tempo de leitura\" \/>\n\t<meta name=\"twitter:data2\" content=\"7 minutos\" \/>\n<script type=\"application\/ld+json\" class=\"yoast-schema-graph\">{\"@context\":\"https:\/\/schema.org\",\"@graph\":[{\"@type\":\"Article\",\"@id\":\"https:\/\/brasilia.fiocruz.br\/maraberto\/trilhas-de-aprendizagem-identificando-das-experiencias-e-learning-na-formacao-em-saude\/#article\",\"isPartOf\":{\"@id\":\"https:\/\/brasilia.fiocruz.br\/maraberto\/trilhas-de-aprendizagem-identificando-das-experiencias-e-learning-na-formacao-em-saude\/\"},\"author\":{\"name\":\"joseema\",\"@id\":\"https:\/\/brasilia.fiocruz.br\/maraberto\/#\/schema\/person\/5bca0e4edb457f6b4ba3257c23ccf0c0\"},\"headline\":\"Trilhas de aprendizagem: identificando as experi\u00eancias e-learning na forma\u00e7\u00e3o em sa\u00fade\",\"datePublished\":\"2021-01-12T14:21:07+00:00\",\"dateModified\":\"2021-03-22T18:37:45+00:00\",\"mainEntityOfPage\":{\"@id\":\"https:\/\/brasilia.fiocruz.br\/maraberto\/trilhas-de-aprendizagem-identificando-das-experiencias-e-learning-na-formacao-em-saude\/\"},\"wordCount\":1469,\"commentCount\":0,\"image\":{\"@id\":\"https:\/\/brasilia.fiocruz.br\/maraberto\/trilhas-de-aprendizagem-identificando-das-experiencias-e-learning-na-formacao-em-saude\/#primaryimage\"},\"thumbnailUrl\":\"https:\/\/brasilia.fiocruz.br\/maraberto\/wp-content\/uploads\/sites\/3\/2021\/01\/Texto-31.1.png\",\"keywords\":[\"Modelagens e certifica\u00e7\u00e3o de trilhas EAD\"],\"articleSection\":[\"Astrol\u00e1bio\",\"Meta 1\"],\"inLanguage\":\"pt-BR\",\"potentialAction\":[{\"@type\":\"CommentAction\",\"name\":\"Comment\",\"target\":[\"https:\/\/brasilia.fiocruz.br\/maraberto\/trilhas-de-aprendizagem-identificando-das-experiencias-e-learning-na-formacao-em-saude\/#respond\"]}]},{\"@type\":\"WebPage\",\"@id\":\"https:\/\/brasilia.fiocruz.br\/maraberto\/trilhas-de-aprendizagem-identificando-das-experiencias-e-learning-na-formacao-em-saude\/\",\"url\":\"https:\/\/brasilia.fiocruz.br\/maraberto\/trilhas-de-aprendizagem-identificando-das-experiencias-e-learning-na-formacao-em-saude\/\",\"name\":\"Trilhas de aprendizagem: identificando as experi\u00eancias e-learning na forma\u00e7\u00e3o em sa\u00fade - Mar Aberto\",\"isPartOf\":{\"@id\":\"https:\/\/brasilia.fiocruz.br\/maraberto\/#website\"},\"primaryImageOfPage\":{\"@id\":\"https:\/\/brasilia.fiocruz.br\/maraberto\/trilhas-de-aprendizagem-identificando-das-experiencias-e-learning-na-formacao-em-saude\/#primaryimage\"},\"image\":{\"@id\":\"https:\/\/brasilia.fiocruz.br\/maraberto\/trilhas-de-aprendizagem-identificando-das-experiencias-e-learning-na-formacao-em-saude\/#primaryimage\"},\"thumbnailUrl\":\"https:\/\/brasilia.fiocruz.br\/maraberto\/wp-content\/uploads\/sites\/3\/2021\/01\/Texto-31.1.png\",\"datePublished\":\"2021-01-12T14:21:07+00:00\",\"dateModified\":\"2021-03-22T18:37:45+00:00\",\"author\":{\"@id\":\"https:\/\/brasilia.fiocruz.br\/maraberto\/#\/schema\/person\/5bca0e4edb457f6b4ba3257c23ccf0c0\"},\"breadcrumb\":{\"@id\":\"https:\/\/brasilia.fiocruz.br\/maraberto\/trilhas-de-aprendizagem-identificando-das-experiencias-e-learning-na-formacao-em-saude\/#breadcrumb\"},\"inLanguage\":\"pt-BR\",\"potentialAction\":[{\"@type\":\"ReadAction\",\"target\":[\"https:\/\/brasilia.fiocruz.br\/maraberto\/trilhas-de-aprendizagem-identificando-das-experiencias-e-learning-na-formacao-em-saude\/\"]}]},{\"@type\":\"ImageObject\",\"inLanguage\":\"pt-BR\",\"@id\":\"https:\/\/brasilia.fiocruz.br\/maraberto\/trilhas-de-aprendizagem-identificando-das-experiencias-e-learning-na-formacao-em-saude\/#primaryimage\",\"url\":\"https:\/\/brasilia.fiocruz.br\/maraberto\/wp-content\/uploads\/sites\/3\/2021\/01\/Texto-31.1.png\",\"contentUrl\":\"https:\/\/brasilia.fiocruz.br\/maraberto\/wp-content\/uploads\/sites\/3\/2021\/01\/Texto-31.1.png\",\"width\":7713,\"height\":5834},{\"@type\":\"BreadcrumbList\",\"@id\":\"https:\/\/brasilia.fiocruz.br\/maraberto\/trilhas-de-aprendizagem-identificando-das-experiencias-e-learning-na-formacao-em-saude\/#breadcrumb\",\"itemListElement\":[{\"@type\":\"ListItem\",\"position\":1,\"name\":\"In\u00edcio\",\"item\":\"https:\/\/brasilia.fiocruz.br\/maraberto\/\"},{\"@type\":\"ListItem\",\"position\":2,\"name\":\"Trilhas de aprendizagem: identificando as experi\u00eancias e-learning na forma\u00e7\u00e3o em sa\u00fade\"}]},{\"@type\":\"WebSite\",\"@id\":\"https:\/\/brasilia.fiocruz.br\/maraberto\/#website\",\"url\":\"https:\/\/brasilia.fiocruz.br\/maraberto\/\",\"name\":\"Mar Aberto\",\"description\":\"Educa\u00e7\u00e3o, Sa\u00fade e Tecnologias\",\"potentialAction\":[{\"@type\":\"SearchAction\",\"target\":{\"@type\":\"EntryPoint\",\"urlTemplate\":\"https:\/\/brasilia.fiocruz.br\/maraberto\/?s={search_term_string}\"},\"query-input\":{\"@type\":\"PropertyValueSpecification\",\"valueRequired\":true,\"valueName\":\"search_term_string\"}}],\"inLanguage\":\"pt-BR\"},{\"@type\":\"Person\",\"@id\":\"https:\/\/brasilia.fiocruz.br\/maraberto\/#\/schema\/person\/5bca0e4edb457f6b4ba3257c23ccf0c0\",\"name\":\"joseema\",\"image\":{\"@type\":\"ImageObject\",\"inLanguage\":\"pt-BR\",\"@id\":\"https:\/\/brasilia.fiocruz.br\/maraberto\/#\/schema\/person\/image\/\",\"url\":\"https:\/\/secure.gravatar.com\/avatar\/c39e22b0bd79da856169998822309a8f3978ca5d744a59d41bb493b55ac59055?s=96&d=mm&r=g\",\"contentUrl\":\"https:\/\/secure.gravatar.com\/avatar\/c39e22b0bd79da856169998822309a8f3978ca5d744a59d41bb493b55ac59055?s=96&d=mm&r=g\",\"caption\":\"joseema\"},\"url\":\"https:\/\/brasilia.fiocruz.br\/maraberto\/author\/joseema\/\"}]}<\/script>\n<!-- \/ Yoast SEO plugin. -->","yoast_head_json":{"title":"Trilhas de aprendizagem: identificando as experi\u00eancias e-learning na forma\u00e7\u00e3o em sa\u00fade - Mar Aberto","robots":{"index":"index","follow":"follow","max-snippet":"max-snippet:-1","max-image-preview":"max-image-preview:large","max-video-preview":"max-video-preview:-1"},"canonical":"https:\/\/brasilia.fiocruz.br\/maraberto\/trilhas-de-aprendizagem-identificando-das-experiencias-e-learning-na-formacao-em-saude\/","og_locale":"pt_BR","og_type":"article","og_title":"Trilhas de aprendizagem: identificando as experi\u00eancias e-learning na forma\u00e7\u00e3o em sa\u00fade - Mar Aberto","og_description":"As trilhas de aprendizagem dizem respeito ao percurso e as experi\u00eancias individuais dos participantes nos cursos e-learning. Entretanto, compreender os interesses individuais na \u00e1rea de educa\u00e7\u00e3o permanente dos profissionais da sa\u00fade levanta alguns desafios relacionados \u00e0 forma de associar as experi\u00eancias dos participantes \u00e0s novas modelagens dos curr\u00edculos e seu impacto nos processos de certifica\u00e7\u00e3o, [&hellip;]","og_url":"https:\/\/brasilia.fiocruz.br\/maraberto\/trilhas-de-aprendizagem-identificando-das-experiencias-e-learning-na-formacao-em-saude\/","og_site_name":"Mar Aberto","article_published_time":"2021-01-12T14:21:07+00:00","article_modified_time":"2021-03-22T18:37:45+00:00","og_image":[{"width":1024,"height":775,"url":"https:\/\/brasilia.fiocruz.br\/maraberto\/wp-content\/uploads\/sites\/3\/2021\/01\/Texto-31.1-1024x775.png","type":"image\/png"}],"author":"joseema","twitter_card":"summary_large_image","twitter_misc":{"Escrito por":"joseema","Est. tempo de leitura":"7 minutos"},"schema":{"@context":"https:\/\/schema.org","@graph":[{"@type":"Article","@id":"https:\/\/brasilia.fiocruz.br\/maraberto\/trilhas-de-aprendizagem-identificando-das-experiencias-e-learning-na-formacao-em-saude\/#article","isPartOf":{"@id":"https:\/\/brasilia.fiocruz.br\/maraberto\/trilhas-de-aprendizagem-identificando-das-experiencias-e-learning-na-formacao-em-saude\/"},"author":{"name":"joseema","@id":"https:\/\/brasilia.fiocruz.br\/maraberto\/#\/schema\/person\/5bca0e4edb457f6b4ba3257c23ccf0c0"},"headline":"Trilhas de aprendizagem: identificando as experi\u00eancias e-learning na forma\u00e7\u00e3o em sa\u00fade","datePublished":"2021-01-12T14:21:07+00:00","dateModified":"2021-03-22T18:37:45+00:00","mainEntityOfPage":{"@id":"https:\/\/brasilia.fiocruz.br\/maraberto\/trilhas-de-aprendizagem-identificando-das-experiencias-e-learning-na-formacao-em-saude\/"},"wordCount":1469,"commentCount":0,"image":{"@id":"https:\/\/brasilia.fiocruz.br\/maraberto\/trilhas-de-aprendizagem-identificando-das-experiencias-e-learning-na-formacao-em-saude\/#primaryimage"},"thumbnailUrl":"https:\/\/brasilia.fiocruz.br\/maraberto\/wp-content\/uploads\/sites\/3\/2021\/01\/Texto-31.1.png","keywords":["Modelagens e certifica\u00e7\u00e3o de trilhas EAD"],"articleSection":["Astrol\u00e1bio","Meta 1"],"inLanguage":"pt-BR","potentialAction":[{"@type":"CommentAction","name":"Comment","target":["https:\/\/brasilia.fiocruz.br\/maraberto\/trilhas-de-aprendizagem-identificando-das-experiencias-e-learning-na-formacao-em-saude\/#respond"]}]},{"@type":"WebPage","@id":"https:\/\/brasilia.fiocruz.br\/maraberto\/trilhas-de-aprendizagem-identificando-das-experiencias-e-learning-na-formacao-em-saude\/","url":"https:\/\/brasilia.fiocruz.br\/maraberto\/trilhas-de-aprendizagem-identificando-das-experiencias-e-learning-na-formacao-em-saude\/","name":"Trilhas de aprendizagem: identificando as experi\u00eancias e-learning na forma\u00e7\u00e3o em sa\u00fade - Mar Aberto","isPartOf":{"@id":"https:\/\/brasilia.fiocruz.br\/maraberto\/#website"},"primaryImageOfPage":{"@id":"https:\/\/brasilia.fiocruz.br\/maraberto\/trilhas-de-aprendizagem-identificando-das-experiencias-e-learning-na-formacao-em-saude\/#primaryimage"},"image":{"@id":"https:\/\/brasilia.fiocruz.br\/maraberto\/trilhas-de-aprendizagem-identificando-das-experiencias-e-learning-na-formacao-em-saude\/#primaryimage"},"thumbnailUrl":"https:\/\/brasilia.fiocruz.br\/maraberto\/wp-content\/uploads\/sites\/3\/2021\/01\/Texto-31.1.png","datePublished":"2021-01-12T14:21:07+00:00","dateModified":"2021-03-22T18:37:45+00:00","author":{"@id":"https:\/\/brasilia.fiocruz.br\/maraberto\/#\/schema\/person\/5bca0e4edb457f6b4ba3257c23ccf0c0"},"breadcrumb":{"@id":"https:\/\/brasilia.fiocruz.br\/maraberto\/trilhas-de-aprendizagem-identificando-das-experiencias-e-learning-na-formacao-em-saude\/#breadcrumb"},"inLanguage":"pt-BR","potentialAction":[{"@type":"ReadAction","target":["https:\/\/brasilia.fiocruz.br\/maraberto\/trilhas-de-aprendizagem-identificando-das-experiencias-e-learning-na-formacao-em-saude\/"]}]},{"@type":"ImageObject","inLanguage":"pt-BR","@id":"https:\/\/brasilia.fiocruz.br\/maraberto\/trilhas-de-aprendizagem-identificando-das-experiencias-e-learning-na-formacao-em-saude\/#primaryimage","url":"https:\/\/brasilia.fiocruz.br\/maraberto\/wp-content\/uploads\/sites\/3\/2021\/01\/Texto-31.1.png","contentUrl":"https:\/\/brasilia.fiocruz.br\/maraberto\/wp-content\/uploads\/sites\/3\/2021\/01\/Texto-31.1.png","width":7713,"height":5834},{"@type":"BreadcrumbList","@id":"https:\/\/brasilia.fiocruz.br\/maraberto\/trilhas-de-aprendizagem-identificando-das-experiencias-e-learning-na-formacao-em-saude\/#breadcrumb","itemListElement":[{"@type":"ListItem","position":1,"name":"In\u00edcio","item":"https:\/\/brasilia.fiocruz.br\/maraberto\/"},{"@type":"ListItem","position":2,"name":"Trilhas de aprendizagem: identificando as experi\u00eancias e-learning na forma\u00e7\u00e3o em sa\u00fade"}]},{"@type":"WebSite","@id":"https:\/\/brasilia.fiocruz.br\/maraberto\/#website","url":"https:\/\/brasilia.fiocruz.br\/maraberto\/","name":"Mar Aberto","description":"Educa\u00e7\u00e3o, Sa\u00fade e Tecnologias","potentialAction":[{"@type":"SearchAction","target":{"@type":"EntryPoint","urlTemplate":"https:\/\/brasilia.fiocruz.br\/maraberto\/?s={search_term_string}"},"query-input":{"@type":"PropertyValueSpecification","valueRequired":true,"valueName":"search_term_string"}}],"inLanguage":"pt-BR"},{"@type":"Person","@id":"https:\/\/brasilia.fiocruz.br\/maraberto\/#\/schema\/person\/5bca0e4edb457f6b4ba3257c23ccf0c0","name":"joseema","image":{"@type":"ImageObject","inLanguage":"pt-BR","@id":"https:\/\/brasilia.fiocruz.br\/maraberto\/#\/schema\/person\/image\/","url":"https:\/\/secure.gravatar.com\/avatar\/c39e22b0bd79da856169998822309a8f3978ca5d744a59d41bb493b55ac59055?s=96&d=mm&r=g","contentUrl":"https:\/\/secure.gravatar.com\/avatar\/c39e22b0bd79da856169998822309a8f3978ca5d744a59d41bb493b55ac59055?s=96&d=mm&r=g","caption":"joseema"},"url":"https:\/\/brasilia.fiocruz.br\/maraberto\/author\/joseema\/"}]}},"_links":{"self":[{"href":"https:\/\/brasilia.fiocruz.br\/maraberto\/wp-json\/wp\/v2\/posts\/3824","targetHints":{"allow":["GET"]}}],"collection":[{"href":"https:\/\/brasilia.fiocruz.br\/maraberto\/wp-json\/wp\/v2\/posts"}],"about":[{"href":"https:\/\/brasilia.fiocruz.br\/maraberto\/wp-json\/wp\/v2\/types\/post"}],"author":[{"embeddable":true,"href":"https:\/\/brasilia.fiocruz.br\/maraberto\/wp-json\/wp\/v2\/users\/7"}],"replies":[{"embeddable":true,"href":"https:\/\/brasilia.fiocruz.br\/maraberto\/wp-json\/wp\/v2\/comments?post=3824"}],"version-history":[{"count":9,"href":"https:\/\/brasilia.fiocruz.br\/maraberto\/wp-json\/wp\/v2\/posts\/3824\/revisions"}],"predecessor-version":[{"id":4392,"href":"https:\/\/brasilia.fiocruz.br\/maraberto\/wp-json\/wp\/v2\/posts\/3824\/revisions\/4392"}],"wp:featuredmedia":[{"embeddable":true,"href":"https:\/\/brasilia.fiocruz.br\/maraberto\/wp-json\/wp\/v2\/media\/3825"}],"wp:attachment":[{"href":"https:\/\/brasilia.fiocruz.br\/maraberto\/wp-json\/wp\/v2\/media?parent=3824"}],"wp:term":[{"taxonomy":"category","embeddable":true,"href":"https:\/\/brasilia.fiocruz.br\/maraberto\/wp-json\/wp\/v2\/categories?post=3824"},{"taxonomy":"post_tag","embeddable":true,"href":"https:\/\/brasilia.fiocruz.br\/maraberto\/wp-json\/wp\/v2\/tags?post=3824"}],"curies":[{"name":"wp","href":"https:\/\/api.w.org\/{rel}","templated":true}]}}