{"id":978,"date":"2019-04-30T18:13:13","date_gmt":"2019-04-30T21:13:13","guid":{"rendered":"https:\/\/maraberto.brasilia.fiocruz.br\/?p=978"},"modified":"2021-01-14T14:27:36","modified_gmt":"2021-01-14T17:27:36","slug":"sobre-o-projeto","status":"publish","type":"post","link":"https:\/\/brasilia.fiocruz.br\/maraberto\/sobre-o-projeto\/","title":{"rendered":"Sobre o projeto"},"content":{"rendered":"\t\t<div data-elementor-type=\"wp-post\" data-elementor-id=\"978\" class=\"elementor elementor-978\">\n\t\t\t\t\t\t<section class=\"elementor-section elementor-top-section elementor-element elementor-element-e78afce elementor-section-boxed elementor-section-height-default elementor-section-height-default\" data-id=\"e78afce\" data-element_type=\"section\" data-e-type=\"section\">\n\t\t\t\t\t\t<div class=\"elementor-container elementor-column-gap-default\">\n\t\t\t\t\t<div class=\"elementor-column elementor-col-100 elementor-top-column elementor-element elementor-element-ed2bd17\" data-id=\"ed2bd17\" data-element_type=\"column\" data-e-type=\"column\">\n\t\t\t<div class=\"elementor-widget-wrap elementor-element-populated\">\n\t\t\t\t\t\t<div class=\"elementor-element elementor-element-972f313 elementor-widget elementor-widget-video\" data-id=\"972f313\" data-element_type=\"widget\" data-e-type=\"widget\" data-settings=\"{&quot;youtube_url&quot;:&quot;https:\\\/\\\/youtu.be\\\/MKCL-dWgaRk?list=PLPyO8qVoPmBTKlr04FpXcnpxZbUGuxRtI&quot;,&quot;video_type&quot;:&quot;youtube&quot;,&quot;controls&quot;:&quot;yes&quot;}\" data-widget_type=\"video.default\">\n\t\t\t\t<div class=\"elementor-widget-container\">\n\t\t\t\t\t\t\t<div class=\"elementor-wrapper elementor-open-inline\">\n\t\t\t<div class=\"elementor-video\"><\/div>\t\t<\/div>\n\t\t\t\t\t\t<\/div>\n\t\t\t\t<\/div>\n\t\t\t\t\t<\/div>\n\t\t<\/div>\n\t\t\t\t\t<\/div>\n\t\t<\/section>\n\t\t\t\t<section class=\"elementor-section elementor-top-section elementor-element elementor-element-23b70e2d elementor-section-boxed elementor-section-height-default elementor-section-height-default\" data-id=\"23b70e2d\" data-element_type=\"section\" data-e-type=\"section\">\n\t\t\t\t\t\t<div class=\"elementor-container elementor-column-gap-default\">\n\t\t\t\t\t<div class=\"elementor-column elementor-col-100 elementor-top-column elementor-element elementor-element-4835c48c\" data-id=\"4835c48c\" data-element_type=\"column\" data-e-type=\"column\">\n\t\t\t<div class=\"elementor-widget-wrap elementor-element-populated\">\n\t\t\t\t\t\t<div class=\"elementor-element elementor-element-27482f23 elementor-widget elementor-widget-text-editor\" data-id=\"27482f23\" data-element_type=\"widget\" data-e-type=\"widget\" data-widget_type=\"text-editor.default\">\n\t\t\t\t<div class=\"elementor-widget-container\">\n\t\t\t\t\t\t\t\t\t<p><\/p>\n<p class=\"has-text-color\" style=\"color: #7a7a7a\">Este espa\u00e7o foi pensado para compartilhar estudos e produ\u00e7\u00f5es decorrentes da parceria estabelecida entre a Fiocruz e o Minist\u00e9rio da Sa\u00fade, por meio do projeto Avalia\u00e7\u00e3o e Prospec\u00e7\u00e3o de Tecnologias Web para Educa\u00e7\u00e3o Permanente em Sa\u00fade. O projeto est\u00e1 sendo desenvolvido pelo Laborat\u00f3rio de Educa\u00e7\u00e3o, Media\u00e7\u00f5es Tecnol\u00f3gicas e Transdisciplinaridade em Sa\u00fade, o LEMTES, que comp\u00f5e a Escola Fiocruz de Governo, na Fiocruz Bras\u00edlia.<\/p>\n<p class=\"has-text-color\" style=\"color: #7a7a7a\">A met\u00e1fora do \u201cMar aberto\u201d tem-nos conduzido nesse percurso, de buscas e aprendizados, porque expressa a experi\u00eancia contempor\u00e2nea do \u201cdil\u00favio informacional\u201d ou \u201cinunda\u00e7\u00e3o de signos\u201d, e a vertigem que dela deriva. No mar aberto das transforma\u00e7\u00f5es sociais, culturais e tecnol\u00f3gicas que vivemos, intensificadas pelo advento da internet, s\u00e3o muitas as possibilidades e os horizontes para constru\u00e7\u00e3o de media\u00e7\u00f5es tecnol\u00f3gicas na educa\u00e7\u00e3o em sa\u00fade. A navega\u00e7\u00e3o empreendida nessa dire\u00e7\u00e3o, com trajetos, no\u00e7\u00f5es e instrumentos em constante constru\u00e7\u00e3o e experimenta\u00e7\u00e3o, \u00e9 orientada pela expectativa de conhecer novas paisagens, novos modos de realizar educa\u00e7\u00e3o permanente, que se revelem capazes de promover intercess\u00f5es com as pr\u00e1ticas profissionais e o cotidiano do trabalho em sa\u00fade, contribuindo para a constru\u00e7\u00e3o da integralidade do cuidado. A colabora\u00e7\u00e3o nos processos de aprendizagem e a democratiza\u00e7\u00e3o do conhecimento s\u00e3o os horizontes entrevistos e perseguidos, que d\u00e3o significado \u00e0s interroga\u00e7\u00f5es feitas quanto ao potencial do uso das tecnologias WEB em processos formativos na \u00e1rea da sa\u00fade.<\/p>\n<p><\/p>\n<p><\/p>\n<p class=\"has-text-color\" style=\"color: #7a7a7a\">O site, como espa\u00e7o de compartilhamento de nossa navega\u00e7\u00e3o no projeto, organiza-se em torno dessa met\u00e1fora, expressando a inten\u00e7\u00e3o de partilhar as interroga\u00e7\u00f5es, os movimentos e as produ\u00e7\u00f5es, frutos do percurso. Para o grupo, a experi\u00eancia que o projeto convida e propicia s\u00f3 adquire sentido quando referida \u00e0 garantia do direito \u00e0 sa\u00fade, nossa b\u00fassola \u00e9tica e pol\u00edtica: ao mesmo tempo um norte concreto e claro, mas tamb\u00e9m aberto, a ser inventado e reinventado.<\/p>\n<p><\/p>\n<p><\/p>\n<p class=\"has-text-color\" style=\"color: #7a7a7a\">Nesse percurso, temos algumas rotas desenhadas: a expectativa de identificar experi\u00eancias inovadoras, em \u00e2mbito nacional e internacional, que promovam o reconhecimento de aprendizagens colaborativas na sa\u00fade; a inten\u00e7\u00e3o de analisar a usabilidade de tecnologias educacionais para a educa\u00e7\u00e3o permanente em sa\u00fade; a perspectiva de desenvolver o conceito e propostas metodol\u00f3gicas para fomentar a colabora\u00e7\u00e3o nos processos de ensino aprendizagem.<\/p>\n<p><\/p>\n<p><\/p>\n<p><\/p>\n<p><\/p>\n<p class=\"has-text-color\" style=\"color: #7a7a7a\">O site est\u00e1 organizado da seguinte forma:<\/p>\n<p><strong>Bons Ventos<\/strong>: aqui compartilhamos as atividades em desenvolvimento, encontros, oficinas, semin\u00e1rios, cursos promovidos pelo grupo de pesquisa sobre a tem\u00e1tica em tela. <\/p>\n<p><strong>Experi\u00eancia Navegante:<\/strong> em conson\u00e2ncia com os ideais do movimento da ci\u00eancia aberta, apresenta as produ\u00e7\u00f5es j\u00e1 realizadas, assim como as em e em realiza\u00e7\u00e3o. <\/p>\n<p><strong>Astrol\u00e1bio<\/strong>:, um instrumento n\u00e1utico que justamente por ser bastante antigo, recorda-nos que j\u00e1 h\u00e1 muito tempo desenvolvemos os saberes e a experi\u00eancia necess\u00e1rios para nos situar em meio ao mar, observando o horizonte e os astros para compreender onde o observador se posiciona. Uma analogia que evidencia que a tecnologia faz parte da hist\u00f3ria da humanidade, sendo mesmo imposs\u00edvel compreender como nos tornamos humanos sem refletir sobre os artefatos que constru\u00edmos e como os utilizamos. Em nossa p\u00e1gina, essa reflex\u00e3o sobre o objeto de pesquisa, as tecnologias WEB e seus usos educacionais, organiza-se em tr\u00eas campos, agrupando os objetivos e produtos dos subprojetos que integram a jornada. <\/p>\n<p><strong>Far\u00f3is:<\/strong> voc\u00ea ir\u00e1 encontrar as sistematiza\u00e7\u00f5es, decantadas ou ainda em movimento, da pesquisa te\u00f3rica que norteia as demais a\u00e7\u00f5es. S\u00e3o reflex\u00f5es e estudos sobre conceitos e temas \u00fateis para a aventura desta navega\u00e7\u00e3o. Por fim, temos nossa \u201cTerra firme\u201d, onde ancoramos, onde encontramos com outros navegantes, no caso, as institui\u00e7\u00f5es que promovem e realizam o projeto, sua equipe e os parceiros com quem vamos compondo o percurso.<\/p>\n<p><\/p>\t\t\t\t\t\t\t\t<\/div>\n\t\t\t\t<\/div>\n\t\t\t\t\t<\/div>\n\t\t<\/div>\n\t\t\t\t\t<\/div>\n\t\t<\/section>\n\t\t\t\t<\/div>\n\t\t","protected":false},"excerpt":{"rendered":"<p>https:\/\/youtu.be\/MKCL-dWgaRk?list=PLPyO8qVoPmBTKlr04FpXcnpxZbUGuxRtI Este espa\u00e7o foi pensado para compartilhar estudos e produ\u00e7\u00f5es decorrentes da parceria estabelecida entre a Fiocruz e o Minist\u00e9rio da Sa\u00fade, por meio do projeto Avalia\u00e7\u00e3o e Prospec\u00e7\u00e3o de Tecnologias Web para Educa\u00e7\u00e3o Permanente em Sa\u00fade. O projeto est\u00e1 sendo desenvolvido pelo Laborat\u00f3rio de Educa\u00e7\u00e3o, Media\u00e7\u00f5es Tecnol\u00f3gicas e Transdisciplinaridade em Sa\u00fade, o LEMTES, que [&hellip;]<\/p>\n","protected":false},"author":2,"featured_media":0,"comment_status":"open","ping_status":"open","sticky":false,"template":"","format":"standard","meta":{"footnotes":""},"categories":[1],"tags":[],"class_list":["post-978","post","type-post","status-publish","format-standard","hentry","category-sem-categoria"],"yoast_head":"<!-- This site is optimized with the Yoast SEO plugin v27.1.1 - https:\/\/yoast.com\/product\/yoast-seo-wordpress\/ -->\n<title>Sobre o projeto - Mar Aberto<\/title>\n<meta name=\"robots\" content=\"index, follow, max-snippet:-1, max-image-preview:large, max-video-preview:-1\" \/>\n<link rel=\"canonical\" href=\"https:\/\/brasilia.fiocruz.br\/maraberto\/sobre-o-projeto\/\" \/>\n<meta property=\"og:locale\" content=\"pt_BR\" \/>\n<meta property=\"og:type\" content=\"article\" \/>\n<meta property=\"og:title\" content=\"Sobre o projeto - Mar Aberto\" \/>\n<meta property=\"og:description\" content=\"https:\/\/youtu.be\/MKCL-dWgaRk?list=PLPyO8qVoPmBTKlr04FpXcnpxZbUGuxRtI Este espa\u00e7o foi pensado para compartilhar estudos e produ\u00e7\u00f5es decorrentes da parceria estabelecida entre a Fiocruz e o Minist\u00e9rio da Sa\u00fade, por meio do projeto Avalia\u00e7\u00e3o e Prospec\u00e7\u00e3o de Tecnologias Web para Educa\u00e7\u00e3o Permanente em Sa\u00fade. O projeto est\u00e1 sendo desenvolvido pelo Laborat\u00f3rio de Educa\u00e7\u00e3o, Media\u00e7\u00f5es Tecnol\u00f3gicas e Transdisciplinaridade em Sa\u00fade, o LEMTES, que [&hellip;]\" \/>\n<meta property=\"og:url\" content=\"https:\/\/brasilia.fiocruz.br\/maraberto\/sobre-o-projeto\/\" \/>\n<meta property=\"og:site_name\" content=\"Mar Aberto\" \/>\n<meta property=\"article:published_time\" content=\"2019-04-30T21:13:13+00:00\" \/>\n<meta property=\"article:modified_time\" content=\"2021-01-14T17:27:36+00:00\" \/>\n<meta name=\"author\" content=\"Mar Aberto\" \/>\n<meta name=\"twitter:card\" content=\"summary_large_image\" \/>\n<meta name=\"twitter:label1\" content=\"Escrito por\" \/>\n\t<meta name=\"twitter:data1\" content=\"Mar Aberto\" \/>\n\t<meta name=\"twitter:label2\" content=\"Est. tempo de leitura\" \/>\n\t<meta name=\"twitter:data2\" content=\"3 minutos\" \/>\n<script type=\"application\/ld+json\" class=\"yoast-schema-graph\">{\"@context\":\"https:\/\/schema.org\",\"@graph\":[{\"@type\":\"Article\",\"@id\":\"https:\/\/brasilia.fiocruz.br\/maraberto\/sobre-o-projeto\/#article\",\"isPartOf\":{\"@id\":\"https:\/\/brasilia.fiocruz.br\/maraberto\/sobre-o-projeto\/\"},\"author\":{\"name\":\"Mar Aberto\",\"@id\":\"https:\/\/brasilia.fiocruz.br\/maraberto\/#\/schema\/person\/08ebc22b91fc1ecca8132e741cb7c130\"},\"headline\":\"Sobre o projeto\",\"datePublished\":\"2019-04-30T21:13:13+00:00\",\"dateModified\":\"2021-01-14T17:27:36+00:00\",\"mainEntityOfPage\":{\"@id\":\"https:\/\/brasilia.fiocruz.br\/maraberto\/sobre-o-projeto\/\"},\"wordCount\":674,\"commentCount\":0,\"inLanguage\":\"pt-BR\",\"potentialAction\":[{\"@type\":\"CommentAction\",\"name\":\"Comment\",\"target\":[\"https:\/\/brasilia.fiocruz.br\/maraberto\/sobre-o-projeto\/#respond\"]}]},{\"@type\":\"WebPage\",\"@id\":\"https:\/\/brasilia.fiocruz.br\/maraberto\/sobre-o-projeto\/\",\"url\":\"https:\/\/brasilia.fiocruz.br\/maraberto\/sobre-o-projeto\/\",\"name\":\"Sobre o projeto - Mar Aberto\",\"isPartOf\":{\"@id\":\"https:\/\/brasilia.fiocruz.br\/maraberto\/#website\"},\"datePublished\":\"2019-04-30T21:13:13+00:00\",\"dateModified\":\"2021-01-14T17:27:36+00:00\",\"author\":{\"@id\":\"https:\/\/brasilia.fiocruz.br\/maraberto\/#\/schema\/person\/08ebc22b91fc1ecca8132e741cb7c130\"},\"breadcrumb\":{\"@id\":\"https:\/\/brasilia.fiocruz.br\/maraberto\/sobre-o-projeto\/#breadcrumb\"},\"inLanguage\":\"pt-BR\",\"potentialAction\":[{\"@type\":\"ReadAction\",\"target\":[\"https:\/\/brasilia.fiocruz.br\/maraberto\/sobre-o-projeto\/\"]}]},{\"@type\":\"BreadcrumbList\",\"@id\":\"https:\/\/brasilia.fiocruz.br\/maraberto\/sobre-o-projeto\/#breadcrumb\",\"itemListElement\":[{\"@type\":\"ListItem\",\"position\":1,\"name\":\"In\u00edcio\",\"item\":\"https:\/\/brasilia.fiocruz.br\/maraberto\/\"},{\"@type\":\"ListItem\",\"position\":2,\"name\":\"Sobre o projeto\"}]},{\"@type\":\"WebSite\",\"@id\":\"https:\/\/brasilia.fiocruz.br\/maraberto\/#website\",\"url\":\"https:\/\/brasilia.fiocruz.br\/maraberto\/\",\"name\":\"Mar Aberto\",\"description\":\"Educa\u00e7\u00e3o, Sa\u00fade e Tecnologias\",\"potentialAction\":[{\"@type\":\"SearchAction\",\"target\":{\"@type\":\"EntryPoint\",\"urlTemplate\":\"https:\/\/brasilia.fiocruz.br\/maraberto\/?s={search_term_string}\"},\"query-input\":{\"@type\":\"PropertyValueSpecification\",\"valueRequired\":true,\"valueName\":\"search_term_string\"}}],\"inLanguage\":\"pt-BR\"},{\"@type\":\"Person\",\"@id\":\"https:\/\/brasilia.fiocruz.br\/maraberto\/#\/schema\/person\/08ebc22b91fc1ecca8132e741cb7c130\",\"name\":\"Mar Aberto\",\"image\":{\"@type\":\"ImageObject\",\"inLanguage\":\"pt-BR\",\"@id\":\"https:\/\/brasilia.fiocruz.br\/maraberto\/#\/schema\/person\/image\/\",\"url\":\"https:\/\/secure.gravatar.com\/avatar\/baf23ce9afd05777d706aa433d1995c542c7681167671b5ed48a8e20fb6a779e?s=96&d=mm&r=g\",\"contentUrl\":\"https:\/\/secure.gravatar.com\/avatar\/baf23ce9afd05777d706aa433d1995c542c7681167671b5ed48a8e20fb6a779e?s=96&d=mm&r=g\",\"caption\":\"Mar Aberto\"},\"url\":\"https:\/\/brasilia.fiocruz.br\/maraberto\/author\/ema_admin\/\"}]}<\/script>\n<!-- \/ Yoast SEO plugin. -->","yoast_head_json":{"title":"Sobre o projeto - Mar Aberto","robots":{"index":"index","follow":"follow","max-snippet":"max-snippet:-1","max-image-preview":"max-image-preview:large","max-video-preview":"max-video-preview:-1"},"canonical":"https:\/\/brasilia.fiocruz.br\/maraberto\/sobre-o-projeto\/","og_locale":"pt_BR","og_type":"article","og_title":"Sobre o projeto - Mar Aberto","og_description":"https:\/\/youtu.be\/MKCL-dWgaRk?list=PLPyO8qVoPmBTKlr04FpXcnpxZbUGuxRtI Este espa\u00e7o foi pensado para compartilhar estudos e produ\u00e7\u00f5es decorrentes da parceria estabelecida entre a Fiocruz e o Minist\u00e9rio da Sa\u00fade, por meio do projeto Avalia\u00e7\u00e3o e Prospec\u00e7\u00e3o de Tecnologias Web para Educa\u00e7\u00e3o Permanente em Sa\u00fade. O projeto est\u00e1 sendo desenvolvido pelo Laborat\u00f3rio de Educa\u00e7\u00e3o, Media\u00e7\u00f5es Tecnol\u00f3gicas e Transdisciplinaridade em Sa\u00fade, o LEMTES, que [&hellip;]","og_url":"https:\/\/brasilia.fiocruz.br\/maraberto\/sobre-o-projeto\/","og_site_name":"Mar Aberto","article_published_time":"2019-04-30T21:13:13+00:00","article_modified_time":"2021-01-14T17:27:36+00:00","author":"Mar Aberto","twitter_card":"summary_large_image","twitter_misc":{"Escrito por":"Mar Aberto","Est. tempo de leitura":"3 minutos"},"schema":{"@context":"https:\/\/schema.org","@graph":[{"@type":"Article","@id":"https:\/\/brasilia.fiocruz.br\/maraberto\/sobre-o-projeto\/#article","isPartOf":{"@id":"https:\/\/brasilia.fiocruz.br\/maraberto\/sobre-o-projeto\/"},"author":{"name":"Mar Aberto","@id":"https:\/\/brasilia.fiocruz.br\/maraberto\/#\/schema\/person\/08ebc22b91fc1ecca8132e741cb7c130"},"headline":"Sobre o projeto","datePublished":"2019-04-30T21:13:13+00:00","dateModified":"2021-01-14T17:27:36+00:00","mainEntityOfPage":{"@id":"https:\/\/brasilia.fiocruz.br\/maraberto\/sobre-o-projeto\/"},"wordCount":674,"commentCount":0,"inLanguage":"pt-BR","potentialAction":[{"@type":"CommentAction","name":"Comment","target":["https:\/\/brasilia.fiocruz.br\/maraberto\/sobre-o-projeto\/#respond"]}]},{"@type":"WebPage","@id":"https:\/\/brasilia.fiocruz.br\/maraberto\/sobre-o-projeto\/","url":"https:\/\/brasilia.fiocruz.br\/maraberto\/sobre-o-projeto\/","name":"Sobre o projeto - Mar Aberto","isPartOf":{"@id":"https:\/\/brasilia.fiocruz.br\/maraberto\/#website"},"datePublished":"2019-04-30T21:13:13+00:00","dateModified":"2021-01-14T17:27:36+00:00","author":{"@id":"https:\/\/brasilia.fiocruz.br\/maraberto\/#\/schema\/person\/08ebc22b91fc1ecca8132e741cb7c130"},"breadcrumb":{"@id":"https:\/\/brasilia.fiocruz.br\/maraberto\/sobre-o-projeto\/#breadcrumb"},"inLanguage":"pt-BR","potentialAction":[{"@type":"ReadAction","target":["https:\/\/brasilia.fiocruz.br\/maraberto\/sobre-o-projeto\/"]}]},{"@type":"BreadcrumbList","@id":"https:\/\/brasilia.fiocruz.br\/maraberto\/sobre-o-projeto\/#breadcrumb","itemListElement":[{"@type":"ListItem","position":1,"name":"In\u00edcio","item":"https:\/\/brasilia.fiocruz.br\/maraberto\/"},{"@type":"ListItem","position":2,"name":"Sobre o projeto"}]},{"@type":"WebSite","@id":"https:\/\/brasilia.fiocruz.br\/maraberto\/#website","url":"https:\/\/brasilia.fiocruz.br\/maraberto\/","name":"Mar Aberto","description":"Educa\u00e7\u00e3o, Sa\u00fade e Tecnologias","potentialAction":[{"@type":"SearchAction","target":{"@type":"EntryPoint","urlTemplate":"https:\/\/brasilia.fiocruz.br\/maraberto\/?s={search_term_string}"},"query-input":{"@type":"PropertyValueSpecification","valueRequired":true,"valueName":"search_term_string"}}],"inLanguage":"pt-BR"},{"@type":"Person","@id":"https:\/\/brasilia.fiocruz.br\/maraberto\/#\/schema\/person\/08ebc22b91fc1ecca8132e741cb7c130","name":"Mar Aberto","image":{"@type":"ImageObject","inLanguage":"pt-BR","@id":"https:\/\/brasilia.fiocruz.br\/maraberto\/#\/schema\/person\/image\/","url":"https:\/\/secure.gravatar.com\/avatar\/baf23ce9afd05777d706aa433d1995c542c7681167671b5ed48a8e20fb6a779e?s=96&d=mm&r=g","contentUrl":"https:\/\/secure.gravatar.com\/avatar\/baf23ce9afd05777d706aa433d1995c542c7681167671b5ed48a8e20fb6a779e?s=96&d=mm&r=g","caption":"Mar Aberto"},"url":"https:\/\/brasilia.fiocruz.br\/maraberto\/author\/ema_admin\/"}]}},"_links":{"self":[{"href":"https:\/\/brasilia.fiocruz.br\/maraberto\/wp-json\/wp\/v2\/posts\/978","targetHints":{"allow":["GET"]}}],"collection":[{"href":"https:\/\/brasilia.fiocruz.br\/maraberto\/wp-json\/wp\/v2\/posts"}],"about":[{"href":"https:\/\/brasilia.fiocruz.br\/maraberto\/wp-json\/wp\/v2\/types\/post"}],"author":[{"embeddable":true,"href":"https:\/\/brasilia.fiocruz.br\/maraberto\/wp-json\/wp\/v2\/users\/2"}],"replies":[{"embeddable":true,"href":"https:\/\/brasilia.fiocruz.br\/maraberto\/wp-json\/wp\/v2\/comments?post=978"}],"version-history":[{"count":7,"href":"https:\/\/brasilia.fiocruz.br\/maraberto\/wp-json\/wp\/v2\/posts\/978\/revisions"}],"predecessor-version":[{"id":3856,"href":"https:\/\/brasilia.fiocruz.br\/maraberto\/wp-json\/wp\/v2\/posts\/978\/revisions\/3856"}],"wp:attachment":[{"href":"https:\/\/brasilia.fiocruz.br\/maraberto\/wp-json\/wp\/v2\/media?parent=978"}],"wp:term":[{"taxonomy":"category","embeddable":true,"href":"https:\/\/brasilia.fiocruz.br\/maraberto\/wp-json\/wp\/v2\/categories?post=978"},{"taxonomy":"post_tag","embeddable":true,"href":"https:\/\/brasilia.fiocruz.br\/maraberto\/wp-json\/wp\/v2\/tags?post=978"}],"curies":[{"name":"wp","href":"https:\/\/api.w.org\/{rel}","templated":true}]}}