{"id":11715,"date":"2025-08-28T17:21:14","date_gmt":"2025-08-28T20:21:14","guid":{"rendered":"https:\/\/brasilia.fiocruz.br\/nosnarede\/?p=11715"},"modified":"2025-08-28T17:32:16","modified_gmt":"2025-08-28T20:32:16","slug":"aula-magna-do-programa-nos-na-rede","status":"publish","type":"post","link":"https:\/\/brasilia.fiocruz.br\/nosnarede\/aula-magna-do-programa-nos-na-rede\/","title":{"rendered":"\u00a0Minist\u00e9rio da Sa\u00fade e Fiocruz recebem cursistas para Aula Magna do programa N\u00f3s na Rede\u00a0"},"content":{"rendered":"\n<p>O Minist\u00e9rio da Sa\u00fade, em parceria com a Fiocruz Bras\u00edlia e com as Escolas de Sa\u00fade do SUS, promoveu uma aula magna, no dia 18\/08\/2025 com o objetivo de recepcionar os cursistas do N\u00f3s na Rede. Transmitida ao vivo pelo Canal do DataSUS, a aula contou com a presen\u00e7a do Secret\u00e1rio Adjunto da Secretaria de Gest\u00e3o do Trabalho e Educa\u00e7\u00e3o na Sa\u00fade (SGTES\/MS) Sa\u00fade, Jersey Timoteo, Diretor do Departamento de Gest\u00e3o da Educa\u00e7\u00e3o na Sa\u00fade (DEGES\/SGTES\/MS), Fabiano Ribeiro Santos, da Coordenadora-Geral de A\u00e7\u00f5es Estrat\u00e9gicas de Educa\u00e7\u00e3o na Sa\u00fade da Secretaria de Gest\u00e3o do Trabalho e Educa\u00e7\u00e3o na Sa\u00fade (CGAES\/DEGES\/SGTES\/MS), Erika Rodrigues de Almeida, do Diretor do Departamento de Sa\u00fade Mental \u00c1lcool e Outras Drogas \u2013 DESMAD\/SAES\/MS, Marcelo Kimatti, da<s> &#8211; <\/s>&nbsp;\u2013 Diretor do Departamento de Preven\u00e7\u00e3o e Promo\u00e7\u00e3o da Sa\u00fade da Secretaria de Aten\u00e7\u00e3o Prim\u00e1ria \u00e0 Sa\u00fade do Minist\u00e9rio da Sa\u00fade<s> <\/s>, Ang\u00eala Fernandes Leal da Silva, da Diretora da Fiocruz Bras\u00edlia Maria Fabiana Dam\u00e1sio Passos, da Diretora da Escola de sa\u00fade do Tocantins, Raimunda Fortaleza, e da diretora da Escola Municipal de Sa\u00fade da cidade de S\u00e3o Paulo, &nbsp;Claudia Regina de Moraes e Abreu.<s>,<\/s>&nbsp;<\/p>\n\n\n\n<p>A condu\u00e7\u00e3o da mesa de abertura foi realizada pela Coordenadora-Geral de A\u00e7\u00f5es Estrat\u00e9gicas de Educa\u00e7\u00e3o na Sa\u00fade da Secretaria de Gest\u00e3o do Trabalho e Educa\u00e7\u00e3o na Sa\u00fade (CGAES\/DEGES\/SGTES), Erika Rodrigues de Almeida. A coordenadora destacou que N\u00f3s na Rede \u00e9 uma iniciativa do Minist\u00e9rio da Sa\u00fade, fruto da articula\u00e7\u00e3o entre a Secretaria de Aten\u00e7\u00e3o Especializada, por meio do Departamento de Sa\u00fade Mental, \u00c1lcool e outras Drogas &#8211; DESMAD, e com a Secretaria de Aten\u00e7\u00e3o Primaria, que em parceria com Fiocruz Bras\u00edlia, desenvolve o projeto em todo territ\u00f3rio nacional. O curso est\u00e1 organizado em 3 ciclos formativos e ofertar\u00e1 um total de 42 mil vagas. Seu primeiro ciclo foi iniciado em 01\/08\/2025.&nbsp;&nbsp;<\/p>\n\n\n\n<p>A Diretora da Fiocruz Bras\u00edlia, Fabiana Dam\u00e1sio registrou a amplitude do N\u00f3s na Rede, que chega no dia 18\/08\/2025 a todos os cantos do Brasil, disponibilizando nesse primeiro ciclo em torno de 20 mil vagas. A diretora assinalou que \u201cO N\u00f3s na Rede al\u00e9m de ser um curso, (&#8230;) \u00e9 uma resposta muito robusta, potente, e que vem exatamente da for\u00e7a dos trabalhadores que comp\u00f5em a RAPS.\u201d Fabiana salienta ainda a import\u00e2ncia dos muitos trabalhadores e trabalhadoras da RAPS que est\u00e3o<s>&nbsp;<\/s> \u201caqui imbu\u00eddos e imbu\u00eddas nessa grande tarefa de organizar e de melhorar o sistema de acolhimento voltado para as quest\u00f5es de sa\u00fade mental.\u201d Por fim, destacou tamb\u00e9m o momento em que esse projeto se subscreve&nbsp; &#8211; p\u00f3s-pandemia de Covid-19, ocasi\u00e3o em que se presencia o aumento da incid\u00eancia de casos de transtornos mentais, os quais, segundo a diretora, precisam ser devidamente acolhidos no Sistema \u00danico de Sa\u00fade.&nbsp;<\/p>\n\n\n\n<p>Claudia Regina de Moraes e Abreu, Diretora da Escola Municipal de Sa\u00fade da cidade de S\u00e3o Paulo,  registrou que se sentiu muito honrada por compor a mesa de abertura representando as Escolas T\u00e9cnicas do SUS, as Escolas Municipais e as Escolas Estaduais, manifestando que o N\u00f3s na Rede \u00e9 uma oportunidade valiosa de compartilhamento de saberes e pr\u00e1ticas. A diretora registrou que o Minist\u00e9rio da Sa\u00fade \u201catrav\u00e9s desse projeto reafirma o papel estrat\u00e9gico das escolas de sa\u00fade no SUS como espa\u00e7os privilegiados de educa\u00e7\u00e3o permanente, capazes de promover o desenvolvimento de compet\u00eancias cr\u00edticas, \u00e9ticas e t\u00e9cnicas alinhadas aos princ\u00edpios da sa\u00fade p\u00fablica.\u201d.&nbsp;<\/p>\n\n\n\n<p>A mesa tem\u00e1tica &nbsp;teve a exposi\u00e7\u00e3o de Marcelo Kimati, Diretor do Departamento de Sa\u00fade Mental \u00c1lcool e Outras Drogas \u2013 DESMAD. O diretor<s> <\/s>&nbsp; defendeu que o princ\u00edpio da universalidade do Sistema \u00danico de Sa\u00fade &#8211; SUS &nbsp;conversa<s>r<\/s> diretamente com a redu\u00e7\u00e3o danos, e explica que \u201cuma rede de cuidados que est\u00e1 instalada dentro do Sistema \u00danico de Sa\u00fade &#8211; SUS n\u00e3o pode recusar cuidado a uma pessoa que faz uso de drogas e que opta por n\u00e3o interromper o uso.\u201d &nbsp;Sobre os desafios das pol\u00edticas de cuidado aos usu\u00e1rios de \u00e1lcool e outras drogas, o diretor explanou sobre a necessidade e import\u00e2ncia de que o cuidado ao usu\u00e1rio de alcool e outras drogas seja centrado no indiv\u00edduo, e que \u00e9 preciso transformar um Estado que pune em um Estado que cuida.&nbsp;<\/p>\n\n\n\n<p>O v\u00eddeo j\u00e1 teve 15.246 visualiza\u00e7\u00f5es at\u00e9 o momento dessa not\u00edcia, evidenciando a import\u00e2ncia da tem\u00e1tica e o alcance que o projeto tem tido em todo pa\u00eds.&nbsp;&nbsp;<\/p>\n\n\n\n<p class=\"has-background-color has-primary-pink-background-color has-text-color has-background has-link-color wp-elements-a175defa17753f30fcecf088ed46d63a\">Para assistir a aula magna, clique aqui: <a>Aula Magna Projeto N\u00f3s na Rede<\/a>&nbsp;<\/p>\n\n\n\n<p><\/p>\n","protected":false},"excerpt":{"rendered":"<p> Minist\u00e9rio da Sa\u00fade e Fiocruz recebem cursistas para Aula Magna do programa N\u00f3s na Rede <\/p>\n","protected":false},"author":16,"featured_media":11717,"comment_status":"open","ping_status":"open","sticky":false,"template":"","format":"standard","meta":{"_equipe_uf_key":"","_equipe_cidade_key":"","footnotes":""},"categories":[1],"tags":[1773,1777,1776,1775,1771,1764,1772,1765],"class_list":["post-11715","post","type-post","status-publish","format-standard","has-post-thumbnail","hentry","category-noticias","tag-caps","tag-fiocruz-brasilia","tag-ministerio-da-saude-2","tag-ms","tag-nos-na-rede","tag-raps","tag-saude-mental","tag-sus"],"yoast_head":"<!-- This site is optimized with the Yoast SEO plugin v27.1.1 - https:\/\/yoast.com\/product\/yoast-seo-wordpress\/ -->\n<title>\u00a0Minist\u00e9rio da Sa\u00fade e Fiocruz recebem cursistas para Aula Magna do programa N\u00f3s na Rede\u00a0 - N\u00f3s Na Rede<\/title>\n<meta name=\"robots\" content=\"index, follow, max-snippet:-1, max-image-preview:large, max-video-preview:-1\" \/>\n<link rel=\"canonical\" href=\"https:\/\/brasilia.fiocruz.br\/nosnarede\/aula-magna-do-programa-nos-na-rede\/\" \/>\n<meta property=\"og:locale\" content=\"pt_BR\" \/>\n<meta property=\"og:type\" content=\"article\" \/>\n<meta property=\"og:title\" content=\"\u00a0Minist\u00e9rio da Sa\u00fade e Fiocruz recebem cursistas para Aula Magna do programa N\u00f3s na Rede\u00a0 - N\u00f3s Na Rede\" \/>\n<meta property=\"og:description\" content=\"Minist\u00e9rio da Sa\u00fade e Fiocruz recebem cursistas para Aula Magna do programa N\u00f3s na Rede\" \/>\n<meta property=\"og:url\" content=\"https:\/\/brasilia.fiocruz.br\/nosnarede\/aula-magna-do-programa-nos-na-rede\/\" \/>\n<meta property=\"og:site_name\" content=\"N\u00f3s Na Rede\" \/>\n<meta property=\"article:published_time\" content=\"2025-08-28T20:21:14+00:00\" \/>\n<meta property=\"article:modified_time\" content=\"2025-08-28T20:32:16+00:00\" \/>\n<meta property=\"og:image\" content=\"https:\/\/brasilia.fiocruz.br\/nosnarede\/wp-content\/uploads\/sites\/10\/2025\/08\/Cabecalho.jpg\" \/>\n\t<meta property=\"og:image:width\" content=\"1920\" \/>\n\t<meta property=\"og:image:height\" content=\"1080\" \/>\n\t<meta property=\"og:image:type\" content=\"image\/jpeg\" \/>\n<meta name=\"author\" content=\"Vanessa Bernardes\" \/>\n<meta name=\"twitter:card\" content=\"summary_large_image\" \/>\n<meta name=\"twitter:label1\" content=\"Escrito por\" \/>\n\t<meta name=\"twitter:data1\" content=\"Vanessa Bernardes\" \/>\n\t<meta name=\"twitter:label2\" content=\"Est. tempo de leitura\" \/>\n\t<meta name=\"twitter:data2\" content=\"5 minutos\" \/>\n<script type=\"application\/ld+json\" class=\"yoast-schema-graph\">{\"@context\":\"https:\/\/schema.org\",\"@graph\":[{\"@type\":\"Article\",\"@id\":\"https:\/\/brasilia.fiocruz.br\/nosnarede\/aula-magna-do-programa-nos-na-rede\/#article\",\"isPartOf\":{\"@id\":\"https:\/\/brasilia.fiocruz.br\/nosnarede\/aula-magna-do-programa-nos-na-rede\/\"},\"author\":{\"name\":\"Vanessa Bernardes\",\"@id\":\"https:\/\/brasilia.fiocruz.br\/nosnarede\/#\/schema\/person\/3e7c5961dbe0f0e9cd530cdb0a01c8a2\"},\"headline\":\"\u00a0Minist\u00e9rio da Sa\u00fade e Fiocruz recebem cursistas para Aula Magna do programa N\u00f3s na Rede\u00a0\",\"datePublished\":\"2025-08-28T20:21:14+00:00\",\"dateModified\":\"2025-08-28T20:32:16+00:00\",\"mainEntityOfPage\":{\"@id\":\"https:\/\/brasilia.fiocruz.br\/nosnarede\/aula-magna-do-programa-nos-na-rede\/\"},\"wordCount\":855,\"commentCount\":0,\"publisher\":{\"@id\":\"https:\/\/brasilia.fiocruz.br\/nosnarede\/#organization\"},\"image\":{\"@id\":\"https:\/\/brasilia.fiocruz.br\/nosnarede\/aula-magna-do-programa-nos-na-rede\/#primaryimage\"},\"thumbnailUrl\":\"https:\/\/brasilia.fiocruz.br\/nosnarede\/wp-content\/uploads\/sites\/10\/2025\/08\/Cabecalho.jpg\",\"keywords\":[\"CAPS\",\"Fiocruz Bras\u00edlia\",\"Minist\u00e9rio da Sa\u00fade\",\"MS\",\"N\u00f3s na rede\",\"RAPS\",\"Sa\u00fade mental\",\"SUS\"],\"articleSection\":[\"Not\u00edcias\"],\"inLanguage\":\"pt-BR\",\"potentialAction\":[{\"@type\":\"CommentAction\",\"name\":\"Comment\",\"target\":[\"https:\/\/brasilia.fiocruz.br\/nosnarede\/aula-magna-do-programa-nos-na-rede\/#respond\"]}]},{\"@type\":\"WebPage\",\"@id\":\"https:\/\/brasilia.fiocruz.br\/nosnarede\/aula-magna-do-programa-nos-na-rede\/\",\"url\":\"https:\/\/brasilia.fiocruz.br\/nosnarede\/aula-magna-do-programa-nos-na-rede\/\",\"name\":\"\u00a0Minist\u00e9rio da Sa\u00fade e Fiocruz recebem cursistas para Aula Magna do programa N\u00f3s na Rede\u00a0 - N\u00f3s Na Rede\",\"isPartOf\":{\"@id\":\"https:\/\/brasilia.fiocruz.br\/nosnarede\/#website\"},\"primaryImageOfPage\":{\"@id\":\"https:\/\/brasilia.fiocruz.br\/nosnarede\/aula-magna-do-programa-nos-na-rede\/#primaryimage\"},\"image\":{\"@id\":\"https:\/\/brasilia.fiocruz.br\/nosnarede\/aula-magna-do-programa-nos-na-rede\/#primaryimage\"},\"thumbnailUrl\":\"https:\/\/brasilia.fiocruz.br\/nosnarede\/wp-content\/uploads\/sites\/10\/2025\/08\/Cabecalho.jpg\",\"datePublished\":\"2025-08-28T20:21:14+00:00\",\"dateModified\":\"2025-08-28T20:32:16+00:00\",\"breadcrumb\":{\"@id\":\"https:\/\/brasilia.fiocruz.br\/nosnarede\/aula-magna-do-programa-nos-na-rede\/#breadcrumb\"},\"inLanguage\":\"pt-BR\",\"potentialAction\":[{\"@type\":\"ReadAction\",\"target\":[\"https:\/\/brasilia.fiocruz.br\/nosnarede\/aula-magna-do-programa-nos-na-rede\/\"]}]},{\"@type\":\"ImageObject\",\"inLanguage\":\"pt-BR\",\"@id\":\"https:\/\/brasilia.fiocruz.br\/nosnarede\/aula-magna-do-programa-nos-na-rede\/#primaryimage\",\"url\":\"https:\/\/brasilia.fiocruz.br\/nosnarede\/wp-content\/uploads\/sites\/10\/2025\/08\/Cabecalho.jpg\",\"contentUrl\":\"https:\/\/brasilia.fiocruz.br\/nosnarede\/wp-content\/uploads\/sites\/10\/2025\/08\/Cabecalho.jpg\",\"width\":1920,\"height\":1080},{\"@type\":\"BreadcrumbList\",\"@id\":\"https:\/\/brasilia.fiocruz.br\/nosnarede\/aula-magna-do-programa-nos-na-rede\/#breadcrumb\",\"itemListElement\":[{\"@type\":\"ListItem\",\"position\":1,\"name\":\"In\u00edcio\",\"item\":\"https:\/\/brasilia.fiocruz.br\/nosnarede\/\"},{\"@type\":\"ListItem\",\"position\":2,\"name\":\"\u00a0Minist\u00e9rio da Sa\u00fade e Fiocruz recebem cursistas para Aula Magna do programa N\u00f3s na Rede\u00a0\"}]},{\"@type\":\"WebSite\",\"@id\":\"https:\/\/brasilia.fiocruz.br\/nosnarede\/#website\",\"url\":\"https:\/\/brasilia.fiocruz.br\/nosnarede\/\",\"name\":\"N\u00f3s Na Rede\",\"description\":\"\",\"publisher\":{\"@id\":\"https:\/\/brasilia.fiocruz.br\/nosnarede\/#organization\"},\"potentialAction\":[{\"@type\":\"SearchAction\",\"target\":{\"@type\":\"EntryPoint\",\"urlTemplate\":\"https:\/\/brasilia.fiocruz.br\/nosnarede\/?s={search_term_string}\"},\"query-input\":{\"@type\":\"PropertyValueSpecification\",\"valueRequired\":true,\"valueName\":\"search_term_string\"}}],\"inLanguage\":\"pt-BR\"},{\"@type\":\"Organization\",\"@id\":\"https:\/\/brasilia.fiocruz.br\/nosnarede\/#organization\",\"name\":\"N\u00f3s Na Rede\",\"url\":\"https:\/\/brasilia.fiocruz.br\/nosnarede\/\",\"logo\":{\"@type\":\"ImageObject\",\"inLanguage\":\"pt-BR\",\"@id\":\"https:\/\/brasilia.fiocruz.br\/nosnarede\/#\/schema\/logo\/image\/\",\"url\":\"https:\/\/brasilia.fiocruz.br\/nosnarede\/wp-content\/uploads\/sites\/10\/2025\/01\/nos-na-rede-logo.png\",\"contentUrl\":\"https:\/\/brasilia.fiocruz.br\/nosnarede\/wp-content\/uploads\/sites\/10\/2025\/01\/nos-na-rede-logo.png\",\"width\":421,\"height\":159,\"caption\":\"N\u00f3s Na Rede\"},\"image\":{\"@id\":\"https:\/\/brasilia.fiocruz.br\/nosnarede\/#\/schema\/logo\/image\/\"}},{\"@type\":\"Person\",\"@id\":\"https:\/\/brasilia.fiocruz.br\/nosnarede\/#\/schema\/person\/3e7c5961dbe0f0e9cd530cdb0a01c8a2\",\"name\":\"Vanessa Bernardes\",\"image\":{\"@type\":\"ImageObject\",\"inLanguage\":\"pt-BR\",\"@id\":\"https:\/\/brasilia.fiocruz.br\/nosnarede\/#\/schema\/person\/image\/\",\"url\":\"https:\/\/secure.gravatar.com\/avatar\/4621813967353377ebe9f00fbf4e7973992c455a1dd99ece0f2642cd621e67e3?s=96&d=mm&r=g\",\"contentUrl\":\"https:\/\/secure.gravatar.com\/avatar\/4621813967353377ebe9f00fbf4e7973992c455a1dd99ece0f2642cd621e67e3?s=96&d=mm&r=g\",\"caption\":\"Vanessa Bernardes\"},\"sameAs\":[\"https:\/\/brasilia.fiocruz.br\/nosnarede\/\"],\"url\":\"https:\/\/brasilia.fiocruz.br\/nosnarede\/author\/vanessabernardes\/\"}]}<\/script>\n<!-- \/ Yoast SEO plugin. -->","yoast_head_json":{"title":"\u00a0Minist\u00e9rio da Sa\u00fade e Fiocruz recebem cursistas para Aula Magna do programa N\u00f3s na Rede\u00a0 - N\u00f3s Na Rede","robots":{"index":"index","follow":"follow","max-snippet":"max-snippet:-1","max-image-preview":"max-image-preview:large","max-video-preview":"max-video-preview:-1"},"canonical":"https:\/\/brasilia.fiocruz.br\/nosnarede\/aula-magna-do-programa-nos-na-rede\/","og_locale":"pt_BR","og_type":"article","og_title":"\u00a0Minist\u00e9rio da Sa\u00fade e Fiocruz recebem cursistas para Aula Magna do programa N\u00f3s na Rede\u00a0 - N\u00f3s Na Rede","og_description":"Minist\u00e9rio da Sa\u00fade e Fiocruz recebem cursistas para Aula Magna do programa N\u00f3s na Rede","og_url":"https:\/\/brasilia.fiocruz.br\/nosnarede\/aula-magna-do-programa-nos-na-rede\/","og_site_name":"N\u00f3s Na Rede","article_published_time":"2025-08-28T20:21:14+00:00","article_modified_time":"2025-08-28T20:32:16+00:00","og_image":[{"width":1920,"height":1080,"url":"https:\/\/brasilia.fiocruz.br\/nosnarede\/wp-content\/uploads\/sites\/10\/2025\/08\/Cabecalho.jpg","type":"image\/jpeg"}],"author":"Vanessa Bernardes","twitter_card":"summary_large_image","twitter_misc":{"Escrito por":"Vanessa Bernardes","Est. tempo de leitura":"5 minutos"},"schema":{"@context":"https:\/\/schema.org","@graph":[{"@type":"Article","@id":"https:\/\/brasilia.fiocruz.br\/nosnarede\/aula-magna-do-programa-nos-na-rede\/#article","isPartOf":{"@id":"https:\/\/brasilia.fiocruz.br\/nosnarede\/aula-magna-do-programa-nos-na-rede\/"},"author":{"name":"Vanessa Bernardes","@id":"https:\/\/brasilia.fiocruz.br\/nosnarede\/#\/schema\/person\/3e7c5961dbe0f0e9cd530cdb0a01c8a2"},"headline":"\u00a0Minist\u00e9rio da Sa\u00fade e Fiocruz recebem cursistas para Aula Magna do programa N\u00f3s na Rede\u00a0","datePublished":"2025-08-28T20:21:14+00:00","dateModified":"2025-08-28T20:32:16+00:00","mainEntityOfPage":{"@id":"https:\/\/brasilia.fiocruz.br\/nosnarede\/aula-magna-do-programa-nos-na-rede\/"},"wordCount":855,"commentCount":0,"publisher":{"@id":"https:\/\/brasilia.fiocruz.br\/nosnarede\/#organization"},"image":{"@id":"https:\/\/brasilia.fiocruz.br\/nosnarede\/aula-magna-do-programa-nos-na-rede\/#primaryimage"},"thumbnailUrl":"https:\/\/brasilia.fiocruz.br\/nosnarede\/wp-content\/uploads\/sites\/10\/2025\/08\/Cabecalho.jpg","keywords":["CAPS","Fiocruz Bras\u00edlia","Minist\u00e9rio da Sa\u00fade","MS","N\u00f3s na rede","RAPS","Sa\u00fade mental","SUS"],"articleSection":["Not\u00edcias"],"inLanguage":"pt-BR","potentialAction":[{"@type":"CommentAction","name":"Comment","target":["https:\/\/brasilia.fiocruz.br\/nosnarede\/aula-magna-do-programa-nos-na-rede\/#respond"]}]},{"@type":"WebPage","@id":"https:\/\/brasilia.fiocruz.br\/nosnarede\/aula-magna-do-programa-nos-na-rede\/","url":"https:\/\/brasilia.fiocruz.br\/nosnarede\/aula-magna-do-programa-nos-na-rede\/","name":"\u00a0Minist\u00e9rio da Sa\u00fade e Fiocruz recebem cursistas para Aula Magna do programa N\u00f3s na Rede\u00a0 - N\u00f3s Na Rede","isPartOf":{"@id":"https:\/\/brasilia.fiocruz.br\/nosnarede\/#website"},"primaryImageOfPage":{"@id":"https:\/\/brasilia.fiocruz.br\/nosnarede\/aula-magna-do-programa-nos-na-rede\/#primaryimage"},"image":{"@id":"https:\/\/brasilia.fiocruz.br\/nosnarede\/aula-magna-do-programa-nos-na-rede\/#primaryimage"},"thumbnailUrl":"https:\/\/brasilia.fiocruz.br\/nosnarede\/wp-content\/uploads\/sites\/10\/2025\/08\/Cabecalho.jpg","datePublished":"2025-08-28T20:21:14+00:00","dateModified":"2025-08-28T20:32:16+00:00","breadcrumb":{"@id":"https:\/\/brasilia.fiocruz.br\/nosnarede\/aula-magna-do-programa-nos-na-rede\/#breadcrumb"},"inLanguage":"pt-BR","potentialAction":[{"@type":"ReadAction","target":["https:\/\/brasilia.fiocruz.br\/nosnarede\/aula-magna-do-programa-nos-na-rede\/"]}]},{"@type":"ImageObject","inLanguage":"pt-BR","@id":"https:\/\/brasilia.fiocruz.br\/nosnarede\/aula-magna-do-programa-nos-na-rede\/#primaryimage","url":"https:\/\/brasilia.fiocruz.br\/nosnarede\/wp-content\/uploads\/sites\/10\/2025\/08\/Cabecalho.jpg","contentUrl":"https:\/\/brasilia.fiocruz.br\/nosnarede\/wp-content\/uploads\/sites\/10\/2025\/08\/Cabecalho.jpg","width":1920,"height":1080},{"@type":"BreadcrumbList","@id":"https:\/\/brasilia.fiocruz.br\/nosnarede\/aula-magna-do-programa-nos-na-rede\/#breadcrumb","itemListElement":[{"@type":"ListItem","position":1,"name":"In\u00edcio","item":"https:\/\/brasilia.fiocruz.br\/nosnarede\/"},{"@type":"ListItem","position":2,"name":"\u00a0Minist\u00e9rio da Sa\u00fade e Fiocruz recebem cursistas para Aula Magna do programa N\u00f3s na Rede\u00a0"}]},{"@type":"WebSite","@id":"https:\/\/brasilia.fiocruz.br\/nosnarede\/#website","url":"https:\/\/brasilia.fiocruz.br\/nosnarede\/","name":"N\u00f3s Na Rede","description":"","publisher":{"@id":"https:\/\/brasilia.fiocruz.br\/nosnarede\/#organization"},"potentialAction":[{"@type":"SearchAction","target":{"@type":"EntryPoint","urlTemplate":"https:\/\/brasilia.fiocruz.br\/nosnarede\/?s={search_term_string}"},"query-input":{"@type":"PropertyValueSpecification","valueRequired":true,"valueName":"search_term_string"}}],"inLanguage":"pt-BR"},{"@type":"Organization","@id":"https:\/\/brasilia.fiocruz.br\/nosnarede\/#organization","name":"N\u00f3s Na Rede","url":"https:\/\/brasilia.fiocruz.br\/nosnarede\/","logo":{"@type":"ImageObject","inLanguage":"pt-BR","@id":"https:\/\/brasilia.fiocruz.br\/nosnarede\/#\/schema\/logo\/image\/","url":"https:\/\/brasilia.fiocruz.br\/nosnarede\/wp-content\/uploads\/sites\/10\/2025\/01\/nos-na-rede-logo.png","contentUrl":"https:\/\/brasilia.fiocruz.br\/nosnarede\/wp-content\/uploads\/sites\/10\/2025\/01\/nos-na-rede-logo.png","width":421,"height":159,"caption":"N\u00f3s Na Rede"},"image":{"@id":"https:\/\/brasilia.fiocruz.br\/nosnarede\/#\/schema\/logo\/image\/"}},{"@type":"Person","@id":"https:\/\/brasilia.fiocruz.br\/nosnarede\/#\/schema\/person\/3e7c5961dbe0f0e9cd530cdb0a01c8a2","name":"Vanessa Bernardes","image":{"@type":"ImageObject","inLanguage":"pt-BR","@id":"https:\/\/brasilia.fiocruz.br\/nosnarede\/#\/schema\/person\/image\/","url":"https:\/\/secure.gravatar.com\/avatar\/4621813967353377ebe9f00fbf4e7973992c455a1dd99ece0f2642cd621e67e3?s=96&d=mm&r=g","contentUrl":"https:\/\/secure.gravatar.com\/avatar\/4621813967353377ebe9f00fbf4e7973992c455a1dd99ece0f2642cd621e67e3?s=96&d=mm&r=g","caption":"Vanessa Bernardes"},"sameAs":["https:\/\/brasilia.fiocruz.br\/nosnarede\/"],"url":"https:\/\/brasilia.fiocruz.br\/nosnarede\/author\/vanessabernardes\/"}]}},"_links":{"self":[{"href":"https:\/\/brasilia.fiocruz.br\/nosnarede\/wp-json\/wp\/v2\/posts\/11715","targetHints":{"allow":["GET"]}}],"collection":[{"href":"https:\/\/brasilia.fiocruz.br\/nosnarede\/wp-json\/wp\/v2\/posts"}],"about":[{"href":"https:\/\/brasilia.fiocruz.br\/nosnarede\/wp-json\/wp\/v2\/types\/post"}],"author":[{"embeddable":true,"href":"https:\/\/brasilia.fiocruz.br\/nosnarede\/wp-json\/wp\/v2\/users\/16"}],"replies":[{"embeddable":true,"href":"https:\/\/brasilia.fiocruz.br\/nosnarede\/wp-json\/wp\/v2\/comments?post=11715"}],"version-history":[{"count":3,"href":"https:\/\/brasilia.fiocruz.br\/nosnarede\/wp-json\/wp\/v2\/posts\/11715\/revisions"}],"predecessor-version":[{"id":11720,"href":"https:\/\/brasilia.fiocruz.br\/nosnarede\/wp-json\/wp\/v2\/posts\/11715\/revisions\/11720"}],"wp:featuredmedia":[{"embeddable":true,"href":"https:\/\/brasilia.fiocruz.br\/nosnarede\/wp-json\/wp\/v2\/media\/11717"}],"wp:attachment":[{"href":"https:\/\/brasilia.fiocruz.br\/nosnarede\/wp-json\/wp\/v2\/media?parent=11715"}],"wp:term":[{"taxonomy":"category","embeddable":true,"href":"https:\/\/brasilia.fiocruz.br\/nosnarede\/wp-json\/wp\/v2\/categories?post=11715"},{"taxonomy":"post_tag","embeddable":true,"href":"https:\/\/brasilia.fiocruz.br\/nosnarede\/wp-json\/wp\/v2\/tags?post=11715"}],"curies":[{"name":"wp","href":"https:\/\/api.w.org\/{rel}","templated":true}]}}